{"id":13205,"date":"2020-09-25T10:27:29","date_gmt":"2020-09-25T07:27:29","guid":{"rendered":"https:\/\/integration.luckan.fi\/?p=13205"},"modified":"2023-10-24T11:13:33","modified_gmt":"2023-10-24T08:13:33","slug":"inspiration-day-29-10multilingualism-and-inclusion","status":"publish","type":"post","link":"https:\/\/integration.luckan.fi\/fi\/inspiration-day-29-10multilingualism-and-inclusion\/","title":{"rendered":"Inspiraatiop\u00e4iv\u00e4 29.10: Monikielisyys ja osallisuus"},"content":{"rendered":"<p>Tervetuloa inspiraatiop\u00e4iv\u00e4\u00e4n Luckaniin, <em>Monikielisyys ja osallisuus<\/em>29. lokakuuta klo 9-11.30 Luckanissa (Torget) ja et\u00e4yhteydell\u00e4 suoratoistona.<br \/>Onko suomenruotsalainen kulttuurikentt\u00e4 avoin kaikille? Jopa toisesta kielitaustasta tuleville ja ruotsin kielell\u00e4 kotoutuville? Mit\u00e4 tarkoittaa ty\u00f6skennell\u00e4 monikielisen Suomen puolesta, ja miten yh\u00e4 useampi voi tuntea itsens\u00e4 osalliseksi? Inspiroidu luennoista, asiantuntijoiden kanssa k\u00e4yt\u00e4vist\u00e4 keskusteluista kokemusper\u00e4isesti ja kulttuurikent\u00e4n esimerkeist\u00e4. <\/p>\n\n\n\n<p>Inspiraatiop\u00e4iv\u00e4 j\u00e4rjestet\u00e4\u00e4n kahdessa osassa. Ensimm\u00e4isess\u00e4 osassa 29.10. keskityt\u00e4\u00e4n siihen, miten j\u00e4rjest\u00e4\u00e4 tapahtumia monikieliselle kohderyhm\u00e4lle. Seminaaria voi seurata et\u00e4yhteydell\u00e4 suoratoistona sek\u00e4 Luckanissa. Tarkempi ohjelma aikatauluineen, puhujineen ja yhteisty\u00f6kumppaneineen julkaistaan lokakuussa osoitteessa osoitteessa<a aria-label=\" tapahtumien Facebook-sivu (avautuu uuteen v\u00e4lilehteen)\" rel=\"noreferrer noopener\" href=\"https:\/\/www.facebook.com\/events\/334929631271500\" target=\"_blank\" class=\"ek-link\"> tapahtumien Facebook-sivu<\/a>. Tilaisuuden puhujat puhuvat ruotsiksi, kun taas esitykset kirjoitetaan englanniksi. Kysymykset ovat tervetulleita ruotsiksi, englanniksi tai suomeksi. Toinen osa, jonka aiheena on monikielisyys ty\u00f6paikoilla, j\u00e4rjestet\u00e4\u00e4n vuonna 2021.<br \/><br \/>Kuva: Ad Astra<\/p>","protected":false},"excerpt":{"rendered":"<p>Tervetuloa Luckanin inspiraatiop\u00e4iv\u00e4\u00e4n, Monikielisyys ja osallisuus, 29. lokakuuta klo 9-11.30 Luckanissa (Torget) ja et\u00e4yhteydell\u00e4 suoratoistona.Onko suomenruotsalainen kulttuurikentt\u00e4 avoin kaikille? My\u00f6s muunkielisille ja ruotsinkielisille kotoutujille? Mit\u00e4 tarkoittaa ty\u00f6skennell\u00e4 monikielisen Suomen puolesta ja... <a class=\"more-link\" href=\"https:\/\/integration.luckan.fi\/fi\/inspiration-day-29-10multilingualism-and-inclusion\/\">Jatka lukemista <span class=\"screen-reader-text\">Inspiraatiop\u00e4iv\u00e4 29.10: Monikielisyys ja osallisuus<\/span><\/a><\/p>","protected":false},"author":1,"featured_media":13204,"comment_status":"closed","ping_status":"closed","sticky":false,"template":"","format":"standard","meta":{"om_disable_all_campaigns":false,"inline_featured_image":false,"ghostkit_customizer_options":"","ghostkit_custom_css":"","ghostkit_custom_js_head":"","ghostkit_custom_js_foot":"","ghostkit_typography":"","_monsterinsights_skip_tracking":false,"_monsterinsights_sitenote_active":false,"_monsterinsights_sitenote_note":"","_monsterinsights_sitenote_category":0,"cybocfi_hide_featured_image":"","footnotes":""},"categories":[1,85],"tags":[],"class_list":["post-13205","post","type-post","status-publish","format-standard","has-post-thumbnail","hentry","category-before","category-news","entry"],"aioseo_notices":[],"featured_image_src":"https:\/\/integration.luckan.fi\/wp-content\/uploads\/2020\/09\/119982144_3324459707607267_3335945226305705493_o.jpg","author_info":{"display_name":"admin","author_link":"https:\/\/integration.luckan.fi\/fi\/author\/admin\/"},"_links":{"self":[{"href":"https:\/\/integration.luckan.fi\/fi\/wp-json\/wp\/v2\/posts\/13205","targetHints":{"allow":["GET"]}}],"collection":[{"href":"https:\/\/integration.luckan.fi\/fi\/wp-json\/wp\/v2\/posts"}],"about":[{"href":"https:\/\/integration.luckan.fi\/fi\/wp-json\/wp\/v2\/types\/post"}],"author":[{"embeddable":true,"href":"https:\/\/integration.luckan.fi\/fi\/wp-json\/wp\/v2\/users\/1"}],"replies":[{"embeddable":true,"href":"https:\/\/integration.luckan.fi\/fi\/wp-json\/wp\/v2\/comments?post=13205"}],"version-history":[{"count":1,"href":"https:\/\/integration.luckan.fi\/fi\/wp-json\/wp\/v2\/posts\/13205\/revisions"}],"predecessor-version":[{"id":22066,"href":"https:\/\/integration.luckan.fi\/fi\/wp-json\/wp\/v2\/posts\/13205\/revisions\/22066"}],"wp:featuredmedia":[{"embeddable":true,"href":"https:\/\/integration.luckan.fi\/fi\/wp-json\/wp\/v2\/media\/13204"}],"wp:attachment":[{"href":"https:\/\/integration.luckan.fi\/fi\/wp-json\/wp\/v2\/media?parent=13205"}],"wp:term":[{"taxonomy":"category","embeddable":true,"href":"https:\/\/integration.luckan.fi\/fi\/wp-json\/wp\/v2\/categories?post=13205"},{"taxonomy":"post_tag","embeddable":true,"href":"https:\/\/integration.luckan.fi\/fi\/wp-json\/wp\/v2\/tags?post=13205"}],"curies":[{"name":"wp","href":"https:\/\/api.w.org\/{rel}","templated":true}]}}