{"id":13480,"date":"2020-11-24T13:28:07","date_gmt":"2020-11-24T11:28:07","guid":{"rendered":"https:\/\/integration.luckan.fi\/?p=13480"},"modified":"2023-10-24T11:13:33","modified_gmt":"2023-10-24T08:13:33","slug":"luckan-integration-at-integration-2020","status":"publish","type":"post","link":"https:\/\/integration.luckan.fi\/fi\/luckan-integration-at-integration-2020\/","title":{"rendered":"Luckan Integration at Integration 2020"},"content":{"rendered":"<p class=\"wp-block-paragraph\">Kotouttaminen 2020 on ty\u00f6- ja elinkeinoministeri\u00f6n j\u00e4rjest\u00e4m\u00e4 valtakunnallinen tapahtuma kaikille pakolaisten kotouttamiseen tai vastaanottoon osallistuville. T\u00e4n\u00e4 vuonna se j\u00e4rjestet\u00e4\u00e4n 25.-26.11.2020 verkossa, ja Luckan Integration osallistuu siihen sek\u00e4 osastolla ett\u00e4 pitchill\u00e4.<\/p>\n\n\n\n<div class=\"wp-block-group\"><div class=\"wp-block-group__inner-container is-layout-flow wp-block-group-is-layout-flow\">\n<p class=\"wp-block-paragraph\">Ohjelma:<\/p>\n\n\n\n<p class=\"wp-block-paragraph\"><strong>25.11 Integroituminen ruotsin kielell\u00e4 Suomessa&nbsp;<\/strong><br \/>kl. 11.40-11.50 LIVE P\u00e5 svenska i Finland - Ruotsiksi Suomessa, esitelm\u00e4.<br \/>kl. 12.10 - 12.20 LIVE Translanguaging ty\u00f6paikalla - Svenska p\u00e5 jobbet&nbsp;<\/p>\n\n\n\n<p class=\"wp-block-paragraph\"><strong>26.11 Verkkok\u00e4site D\u00f6rren (www.dorren.fi)<\/strong><br \/>Kl. 12.05 LIVE Q &amp; A&nbsp;<\/p>\n<\/div><\/div>\n\n\n\n<p class=\"wp-block-paragraph\"><\/p>","protected":false},"excerpt":{"rendered":"<p>Kotouttaminen 2020 on ty\u00f6- ja elinkeinoministeri\u00f6n j\u00e4rjest\u00e4m\u00e4 valtakunnallinen tapahtuma kaikille pakolaisten kotouttamiseen tai vastaanottoon osallistuville. T\u00e4n\u00e4 vuonna se j\u00e4rjestet\u00e4\u00e4n 25.-26.11.2020 verkossa, ja Luckan Integration osallistuu siihen sek\u00e4 osastolla ett\u00e4 pitchill\u00e4. Ohjelma: 25.11 Kotoutuminen ruotsiksi Suomessa kl. 11.40-11.50 LIVE P\u00e5... <a class=\"more-link\" href=\"https:\/\/integration.luckan.fi\/fi\/luckan-integration-at-integration-2020\/\">Jatka lukemista <span class=\"screen-reader-text\">Luckan Integration at Integration 2020<\/span><\/a><\/p>","protected":false},"author":1,"featured_media":13482,"comment_status":"closed","ping_status":"closed","sticky":false,"template":"","format":"standard","meta":{"om_disable_all_campaigns":false,"inline_featured_image":false,"ghostkit_customizer_options":"","ghostkit_custom_css":"","ghostkit_custom_js_head":"","ghostkit_custom_js_foot":"","ghostkit_typography":"","_monsterinsights_skip_tracking":false,"cybocfi_hide_featured_image":"","footnotes":""},"categories":[1,85],"tags":[],"class_list":["post-13480","post","type-post","status-publish","format-standard","has-post-thumbnail","hentry","category-before","category-news","entry"],"aioseo_notices":[],"aioseo_head":"\n\t\t<!-- All in One SEO 5.0.1.1 - aioseo.com -->\n\t<meta name=\"description\" content=\"Integration 2020 is a nationwide event for everyone involved in the integration or reception of refugees, organised by Ministry of Economic Affairs and Employment. This year it takes place on 25-26 November 2020, online, and Luckan Integration participates with both a booth and a pitch. Program: 25.11 Integrating in Swedish in Finland kl. 11.40-11.50 LIVE P\u00e5\" \/>\n\t<meta name=\"robots\" content=\"max-image-preview:large\" \/>\n\t<meta name=\"author\" content=\"admin\"\/>\n\t<link rel=\"canonical\" href=\"https:\/\/integration.luckan.fi\/fi\/luckan-integration-at-integration-2020\/\" \/>\n\t<meta name=\"generator\" content=\"All in One SEO (AIOSEO) 5.0.1.1\" \/>\n\t\t<meta property=\"og:locale\" content=\"fi_FI\" \/>\n\t\t<meta property=\"og:site_name\" content=\"Luckan Integration - Welcome to Finland\" \/>\n\t\t<meta property=\"og:type\" content=\"article\" \/>\n\t\t<meta property=\"og:title\" content=\"Luckan Integration at Integration 2020 - Luckan Integration\" \/>\n\t\t<meta property=\"og:description\" content=\"Integration 2020 is a nationwide event for everyone involved in the integration or reception of refugees, organised by Ministry of Economic Affairs and Employment. This year it takes place on 25-26 November 2020, online, and Luckan Integration participates with both a booth and a pitch. Program: 25.11 Integrating in Swedish in Finland kl. 11.40-11.50 LIVE P\u00e5\" \/>\n\t\t<meta property=\"og:url\" content=\"https:\/\/integration.luckan.fi\/fi\/luckan-integration-at-integration-2020\/\" \/>\n\t\t<meta property=\"og:image\" content=\"https:\/\/integration.luckan.fi\/wp-content\/uploads\/2021\/05\/Luckan-Logo-Integration-1.png\" \/>\n\t\t<meta property=\"og:image:secure_url\" content=\"https:\/\/integration.luckan.fi\/wp-content\/uploads\/2021\/05\/Luckan-Logo-Integration-1.png\" \/>\n\t\t<meta property=\"og:image:width\" content=\"250\" \/>\n\t\t<meta property=\"og:image:height\" content=\"130\" \/>\n\t\t<meta property=\"article:published_time\" content=\"2020-11-24T11:28:07+00:00\" \/>\n\t\t<meta property=\"article:modified_time\" content=\"2023-10-24T08:13:33+00:00\" \/>\n\t\t<meta name=\"twitter:card\" content=\"summary_large_image\" \/>\n\t\t<meta name=\"twitter:title\" content=\"Luckan Integration at Integration 2020 - Luckan Integration\" \/>\n\t\t<meta name=\"twitter:description\" content=\"Integration 2020 is a nationwide event for everyone involved in the integration or reception of refugees, organised by Ministry of Economic Affairs and Employment. This year it takes place on 25-26 November 2020, online, and Luckan Integration participates with both a booth and a pitch. Program: 25.11 Integrating in Swedish in Finland kl. 11.40-11.50 LIVE P\u00e5\" \/>\n\t\t<meta name=\"twitter:image\" content=\"https:\/\/integration.luckan.fi\/wp-content\/uploads\/2021\/05\/Luckan-Logo-Integration-1.png\" \/>\n\t\t<script type=\"application\/ld+json\" class=\"aioseo-schema\">\n\t\t\t{\"@context\":\"https:\\\/\\\/schema.org\",\"@graph\":[{\"@type\":\"BlogPosting\",\"@id\":\"https:\\\/\\\/integration.luckan.fi\\\/fi\\\/luckan-integration-at-integration-2020\\\/#blogposting\",\"name\":\"Luckan Integration at Integration 2020 - Luckan Integration\",\"headline\":\"Luckan Integration at Integration 2020\",\"author\":{\"@id\":\"https:\\\/\\\/integration.luckan.fi\\\/fi\\\/author\\\/admin\\\/#author\"},\"publisher\":{\"@id\":\"https:\\\/\\\/integration.luckan.fi\\\/fi\\\/#organization\"},\"image\":{\"@type\":\"ImageObject\",\"url\":\"https:\\\/\\\/integration.luckan.fi\\\/wp-content\\\/uploads\\\/2020\\\/11\\\/Screenshot-2020-11-24-at-13.25.44.png\",\"width\":1194,\"height\":671},\"datePublished\":\"2020-11-24T13:28:07+02:00\",\"dateModified\":\"2023-10-24T11:13:33+03:00\",\"inLanguage\":\"fi\",\"mainEntityOfPage\":{\"@id\":\"https:\\\/\\\/integration.luckan.fi\\\/fi\\\/luckan-integration-at-integration-2020\\\/#webpage\"},\"isPartOf\":{\"@id\":\"https:\\\/\\\/integration.luckan.fi\\\/fi\\\/luckan-integration-at-integration-2020\\\/#webpage\"},\"articleSection\":\"News, News\"},{\"@type\":\"BreadcrumbList\",\"@id\":\"https:\\\/\\\/integration.luckan.fi\\\/fi\\\/luckan-integration-at-integration-2020\\\/#breadcrumblist\",\"itemListElement\":[{\"@type\":\"ListItem\",\"@id\":\"https:\\\/\\\/integration.luckan.fi\\\/fi#listItem\",\"position\":1,\"name\":\"Home\",\"item\":\"https:\\\/\\\/integration.luckan.fi\\\/fi\",\"nextItem\":{\"@type\":\"ListItem\",\"@id\":\"https:\\\/\\\/integration.luckan.fi\\\/fi\\\/category\\\/before\\\/#listItem\",\"name\":\"News\"}},{\"@type\":\"ListItem\",\"@id\":\"https:\\\/\\\/integration.luckan.fi\\\/fi\\\/category\\\/before\\\/#listItem\",\"position\":2,\"name\":\"News\",\"item\":\"https:\\\/\\\/integration.luckan.fi\\\/fi\\\/category\\\/before\\\/\",\"nextItem\":{\"@type\":\"ListItem\",\"@id\":\"https:\\\/\\\/integration.luckan.fi\\\/fi\\\/luckan-integration-at-integration-2020\\\/#listItem\",\"name\":\"Luckan Integration at Integration 2020\"},\"previousItem\":{\"@type\":\"ListItem\",\"@id\":\"https:\\\/\\\/integration.luckan.fi\\\/fi#listItem\",\"name\":\"Home\"}},{\"@type\":\"ListItem\",\"@id\":\"https:\\\/\\\/integration.luckan.fi\\\/fi\\\/luckan-integration-at-integration-2020\\\/#listItem\",\"position\":3,\"name\":\"Luckan Integration at Integration 2020\",\"previousItem\":{\"@type\":\"ListItem\",\"@id\":\"https:\\\/\\\/integration.luckan.fi\\\/fi\\\/category\\\/before\\\/#listItem\",\"name\":\"News\"}}]},{\"@type\":\"Organization\",\"@id\":\"https:\\\/\\\/integration.luckan.fi\\\/fi\\\/#organization\",\"name\":\"Luckan Integration\",\"description\":\"Welcome to Finland\",\"url\":\"https:\\\/\\\/integration.luckan.fi\\\/fi\\\/\",\"logo\":{\"@type\":\"ImageObject\",\"url\":\"https:\\\/\\\/integration.luckan.fi\\\/wp-content\\\/uploads\\\/2021\\\/05\\\/Luckan-Logo-Integration-1.png\",\"@id\":\"https:\\\/\\\/integration.luckan.fi\\\/fi\\\/luckan-integration-at-integration-2020\\\/#organizationLogo\",\"width\":250,\"height\":130,\"caption\":\"Luckan Integration\"},\"image\":{\"@id\":\"https:\\\/\\\/integration.luckan.fi\\\/fi\\\/luckan-integration-at-integration-2020\\\/#organizationLogo\"}},{\"@type\":\"Person\",\"@id\":\"https:\\\/\\\/integration.luckan.fi\\\/fi\\\/author\\\/admin\\\/#author\",\"url\":\"https:\\\/\\\/integration.luckan.fi\\\/fi\\\/author\\\/admin\\\/\",\"name\":\"admin\"},{\"@type\":\"WebPage\",\"@id\":\"https:\\\/\\\/integration.luckan.fi\\\/fi\\\/luckan-integration-at-integration-2020\\\/#webpage\",\"url\":\"https:\\\/\\\/integration.luckan.fi\\\/fi\\\/luckan-integration-at-integration-2020\\\/\",\"name\":\"Luckan Integration at Integration 2020 - Luckan Integration\",\"description\":\"Integration 2020 is a nationwide event for everyone involved in the integration or reception of refugees, organised by Ministry of Economic Affairs and Employment. This year it takes place on 25-26 November 2020, online, and Luckan Integration participates with both a booth and a pitch. Program: 25.11 Integrating in Swedish in Finland kl. 11.40-11.50 LIVE P\\u00e5\",\"inLanguage\":\"fi\",\"isPartOf\":{\"@id\":\"https:\\\/\\\/integration.luckan.fi\\\/fi\\\/#website\"},\"breadcrumb\":{\"@id\":\"https:\\\/\\\/integration.luckan.fi\\\/fi\\\/luckan-integration-at-integration-2020\\\/#breadcrumblist\"},\"author\":{\"@id\":\"https:\\\/\\\/integration.luckan.fi\\\/fi\\\/author\\\/admin\\\/#author\"},\"creator\":{\"@id\":\"https:\\\/\\\/integration.luckan.fi\\\/fi\\\/author\\\/admin\\\/#author\"},\"image\":{\"@type\":\"ImageObject\",\"url\":\"https:\\\/\\\/integration.luckan.fi\\\/wp-content\\\/uploads\\\/2020\\\/11\\\/Screenshot-2020-11-24-at-13.25.44.png\",\"@id\":\"https:\\\/\\\/integration.luckan.fi\\\/fi\\\/luckan-integration-at-integration-2020\\\/#mainImage\",\"width\":1194,\"height\":671},\"primaryImageOfPage\":{\"@id\":\"https:\\\/\\\/integration.luckan.fi\\\/fi\\\/luckan-integration-at-integration-2020\\\/#mainImage\"},\"datePublished\":\"2020-11-24T13:28:07+02:00\",\"dateModified\":\"2023-10-24T11:13:33+03:00\"},{\"@type\":\"WebSite\",\"@id\":\"https:\\\/\\\/integration.luckan.fi\\\/fi\\\/#website\",\"url\":\"https:\\\/\\\/integration.luckan.fi\\\/fi\\\/\",\"name\":\"Luckan Integration\",\"description\":\"Welcome to Finland\",\"inLanguage\":\"fi\",\"publisher\":{\"@id\":\"https:\\\/\\\/integration.luckan.fi\\\/fi\\\/#organization\"}}]}\n\t\t<\/script>\n\t\t<!-- All in One SEO -->\n\n","aioseo_head_json":{"title":"Luckan Integration Integration 2020 -tapahtumassa \u2013 Luckan Integration","description":"Integration 2020 on Talous- ja ty\u00f6ministeri\u00f6n j\u00e4rjest\u00e4m\u00e4 valtakunnallinen tapahtuma kaikille, jotka ovat mukana pakolaisten integraatiossa tai vastaanotossa. T\u00e4n\u00e4 vuonna tapahtuma j\u00e4rjestet\u00e4\u00e4n 25.\u201326. marraskuuta 2020 verkossa, ja Luckan Integration osallistuu siihen sek\u00e4 omalla osastollaan ett\u00e4 esittelyll\u00e4. Ohjelma: 25.11. Integroituva ruotsin kielen oppiminen Suomessa klo 11.40\u201311.50 LIVE P\u00e5","canonical_url":"https:\/\/integration.luckan.fi\/fi\/luckan-integration-at-integration-2020\/","robots":"max-image-preview:large","keywords":"","webmasterTools":{"miscellaneous":""},"schema":{"@context":"https:\/\/schema.org","@graph":[{"@type":"BlogPosting","@id":"https:\/\/integration.luckan.fi\/fi\/luckan-integration-at-integration-2020\/#blogposting","name":"Luckan Integration at Integration 2020 - Luckan Integration","headline":"Luckan Integration at Integration 2020","author":{"@id":"https:\/\/integration.luckan.fi\/fi\/author\/admin\/#author"},"publisher":{"@id":"https:\/\/integration.luckan.fi\/fi\/#organization"},"image":{"@type":"ImageObject","url":"https:\/\/integration.luckan.fi\/wp-content\/uploads\/2020\/11\/Screenshot-2020-11-24-at-13.25.44.png","width":1194,"height":671},"datePublished":"2020-11-24T13:28:07+02:00","dateModified":"2023-10-24T11:13:33+03:00","inLanguage":"fi","mainEntityOfPage":{"@id":"https:\/\/integration.luckan.fi\/fi\/luckan-integration-at-integration-2020\/#webpage"},"isPartOf":{"@id":"https:\/\/integration.luckan.fi\/fi\/luckan-integration-at-integration-2020\/#webpage"},"articleSection":"News, News"},{"@type":"BreadcrumbList","@id":"https:\/\/integration.luckan.fi\/fi\/luckan-integration-at-integration-2020\/#breadcrumblist","itemListElement":[{"@type":"ListItem","@id":"https:\/\/integration.luckan.fi\/fi#listItem","position":1,"name":"Home","item":"https:\/\/integration.luckan.fi\/fi","nextItem":{"@type":"ListItem","@id":"https:\/\/integration.luckan.fi\/fi\/category\/before\/#listItem","name":"News"}},{"@type":"ListItem","@id":"https:\/\/integration.luckan.fi\/fi\/category\/before\/#listItem","position":2,"name":"News","item":"https:\/\/integration.luckan.fi\/fi\/category\/before\/","nextItem":{"@type":"ListItem","@id":"https:\/\/integration.luckan.fi\/fi\/luckan-integration-at-integration-2020\/#listItem","name":"Luckan Integration at Integration 2020"},"previousItem":{"@type":"ListItem","@id":"https:\/\/integration.luckan.fi\/fi#listItem","name":"Home"}},{"@type":"ListItem","@id":"https:\/\/integration.luckan.fi\/fi\/luckan-integration-at-integration-2020\/#listItem","position":3,"name":"Luckan Integration at Integration 2020","previousItem":{"@type":"ListItem","@id":"https:\/\/integration.luckan.fi\/fi\/category\/before\/#listItem","name":"News"}}]},{"@type":"Organization","@id":"https:\/\/integration.luckan.fi\/fi\/#organization","name":"Luckan Integration","description":"Welcome to Finland","url":"https:\/\/integration.luckan.fi\/fi\/","logo":{"@type":"ImageObject","url":"https:\/\/integration.luckan.fi\/wp-content\/uploads\/2021\/05\/Luckan-Logo-Integration-1.png","@id":"https:\/\/integration.luckan.fi\/fi\/luckan-integration-at-integration-2020\/#organizationLogo","width":250,"height":130,"caption":"Luckan Integration"},"image":{"@id":"https:\/\/integration.luckan.fi\/fi\/luckan-integration-at-integration-2020\/#organizationLogo"}},{"@type":"Person","@id":"https:\/\/integration.luckan.fi\/fi\/author\/admin\/#author","url":"https:\/\/integration.luckan.fi\/fi\/author\/admin\/","name":"admin"},{"@type":"WebPage","@id":"https:\/\/integration.luckan.fi\/fi\/luckan-integration-at-integration-2020\/#webpage","url":"https:\/\/integration.luckan.fi\/fi\/luckan-integration-at-integration-2020\/","name":"Luckan Integration at Integration 2020 - Luckan Integration","description":"Integration 2020 is a nationwide event for everyone involved in the integration or reception of refugees, organised by Ministry of Economic Affairs and Employment. This year it takes place on 25-26 November 2020, online, and Luckan Integration participates with both a booth and a pitch. Program: 25.11 Integrating in Swedish in Finland kl. 11.40-11.50 LIVE P\u00e5","inLanguage":"fi","isPartOf":{"@id":"https:\/\/integration.luckan.fi\/fi\/#website"},"breadcrumb":{"@id":"https:\/\/integration.luckan.fi\/fi\/luckan-integration-at-integration-2020\/#breadcrumblist"},"author":{"@id":"https:\/\/integration.luckan.fi\/fi\/author\/admin\/#author"},"creator":{"@id":"https:\/\/integration.luckan.fi\/fi\/author\/admin\/#author"},"image":{"@type":"ImageObject","url":"https:\/\/integration.luckan.fi\/wp-content\/uploads\/2020\/11\/Screenshot-2020-11-24-at-13.25.44.png","@id":"https:\/\/integration.luckan.fi\/fi\/luckan-integration-at-integration-2020\/#mainImage","width":1194,"height":671},"primaryImageOfPage":{"@id":"https:\/\/integration.luckan.fi\/fi\/luckan-integration-at-integration-2020\/#mainImage"},"datePublished":"2020-11-24T13:28:07+02:00","dateModified":"2023-10-24T11:13:33+03:00"},{"@type":"WebSite","@id":"https:\/\/integration.luckan.fi\/fi\/#website","url":"https:\/\/integration.luckan.fi\/fi\/","name":"Luckan Integration","description":"Welcome to Finland","inLanguage":"fi","publisher":{"@id":"https:\/\/integration.luckan.fi\/fi\/#organization"}}]},"og:locale":"fi_FI","og:site_name":"Luckan Integration - Welcome to Finland","og:type":"article","og:title":"Luckan Integration at Integration 2020 - Luckan Integration","og:description":"Integration 2020 is a nationwide event for everyone involved in the integration or reception of refugees, organised by Ministry of Economic Affairs and Employment. This year it takes place on 25-26 November 2020, online, and Luckan Integration participates with both a booth and a pitch. Program: 25.11 Integrating in Swedish in Finland kl. 11.40-11.50 LIVE P\u00e5","og:url":"https:\/\/integration.luckan.fi\/fi\/luckan-integration-at-integration-2020\/","og:image":"https:\/\/integration.luckan.fi\/wp-content\/uploads\/2021\/05\/Luckan-Logo-Integration-1.png","og:image:secure_url":"https:\/\/integration.luckan.fi\/wp-content\/uploads\/2021\/05\/Luckan-Logo-Integration-1.png","og:image:width":250,"og:image:height":130,"article:published_time":"2020-11-24T11:28:07+00:00","article:modified_time":"2023-10-24T08:13:33+00:00","twitter:card":"summary_large_image","twitter:title":"Luckan Integration at Integration 2020 - Luckan Integration","twitter:description":"Integration 2020 is a nationwide event for everyone involved in the integration or reception of refugees, organised by Ministry of Economic Affairs and Employment. This year it takes place on 25-26 November 2020, online, and Luckan Integration participates with both a booth and a pitch. Program: 25.11 Integrating in Swedish in Finland kl. 11.40-11.50 LIVE P\u00e5","twitter:image":"https:\/\/integration.luckan.fi\/wp-content\/uploads\/2021\/05\/Luckan-Logo-Integration-1.png"},"aioseo_meta_data":{"post_id":"13480","title":null,"description":null,"keywords":null,"keyphrases":null,"primary_term":null,"canonical_url":null,"og_title":null,"og_description":null,"og_object_type":"default","og_image_type":"default","og_image_url":null,"og_image_width":null,"og_image_height":null,"og_image_custom_url":null,"og_image_custom_fields":null,"og_video":null,"og_custom_url":null,"og_article_section":null,"og_article_tags":null,"twitter_use_og":false,"twitter_card":"default","twitter_image_type":"default","twitter_image_url":null,"twitter_image_custom_url":null,"twitter_image_custom_fields":null,"twitter_title":null,"twitter_description":null,"schema":{"blockGraphs":[],"customGraphs":[],"default":{"data":{"Article":[],"Course":[],"Dataset":[],"FAQPage":[],"Movie":[],"Person":[],"Product":[],"ProductReview":[],"Car":[],"Recipe":[],"Service":[],"SoftwareApplication":[],"WebPage":[]},"graphName":"","isEnabled":true},"graphs":[]},"schema_type":"default","schema_type_options":null,"pillar_content":false,"robots_default":true,"robots_noindex":false,"robots_noarchive":false,"robots_nosnippet":false,"robots_nofollow":false,"robots_noimageindex":false,"robots_noodp":false,"robots_notranslate":false,"robots_max_snippet":null,"robots_max_videopreview":null,"robots_max_imagepreview":"large","priority":null,"frequency":null,"local_seo":null,"breadcrumb_settings":null,"limit_modified_date":false,"ai":null,"created":"2022-11-09 14:14:15","updated":"2025-06-04 12:36:15","seo_analyzer_scan_date":null,"focus_keyword":null,"additional_keywords":null,"truseo_locale":null},"aioseo_breadcrumb":"<div class=\"aioseo-breadcrumbs\"><span class=\"aioseo-breadcrumb\">\n\t\t\t<a href=\"https:\/\/integration.luckan.fi\/fi\" title=\"Home\">Home<\/a>\n\t\t<\/span><span class=\"aioseo-breadcrumb-separator\">&raquo;<\/span><span class=\"aioseo-breadcrumb\">\n\t\t\t<a href=\"https:\/\/integration.luckan.fi\/fi\/category\/before\/\" title=\"News\">News<\/a>\n\t\t<\/span><span class=\"aioseo-breadcrumb-separator\">&raquo;<\/span><span class=\"aioseo-breadcrumb\">\n\t\t\tLuckan Integration at Integration 2020\n\t\t<\/span><\/div>","aioseo_breadcrumb_json":[{"label":"Home","link":"https:\/\/integration.luckan.fi\/fi"},{"label":"News","link":"https:\/\/integration.luckan.fi\/fi\/category\/before\/"},{"label":"Luckan Integration at Integration 2020","link":"https:\/\/integration.luckan.fi\/fi\/luckan-integration-at-integration-2020\/"}],"featured_image_src":"https:\/\/integration.luckan.fi\/wp-content\/uploads\/2020\/11\/Screenshot-2020-11-24-at-13.25.44.png","author_info":{"display_name":"admin","author_link":"https:\/\/integration.luckan.fi\/fi\/author\/admin\/"},"_links":{"self":[{"href":"https:\/\/integration.luckan.fi\/fi\/wp-json\/wp\/v2\/posts\/13480","targetHints":{"allow":["GET"]}}],"collection":[{"href":"https:\/\/integration.luckan.fi\/fi\/wp-json\/wp\/v2\/posts"}],"about":[{"href":"https:\/\/integration.luckan.fi\/fi\/wp-json\/wp\/v2\/types\/post"}],"author":[{"embeddable":true,"href":"https:\/\/integration.luckan.fi\/fi\/wp-json\/wp\/v2\/users\/1"}],"replies":[{"embeddable":true,"href":"https:\/\/integration.luckan.fi\/fi\/wp-json\/wp\/v2\/comments?post=13480"}],"version-history":[{"count":1,"href":"https:\/\/integration.luckan.fi\/fi\/wp-json\/wp\/v2\/posts\/13480\/revisions"}],"predecessor-version":[{"id":22063,"href":"https:\/\/integration.luckan.fi\/fi\/wp-json\/wp\/v2\/posts\/13480\/revisions\/22063"}],"wp:featuredmedia":[{"embeddable":true,"href":"https:\/\/integration.luckan.fi\/fi\/wp-json\/wp\/v2\/media\/13482"}],"wp:attachment":[{"href":"https:\/\/integration.luckan.fi\/fi\/wp-json\/wp\/v2\/media?parent=13480"}],"wp:term":[{"taxonomy":"category","embeddable":true,"href":"https:\/\/integration.luckan.fi\/fi\/wp-json\/wp\/v2\/categories?post=13480"},{"taxonomy":"post_tag","embeddable":true,"href":"https:\/\/integration.luckan.fi\/fi\/wp-json\/wp\/v2\/tags?post=13480"}],"curies":[{"name":"wp","href":"https:\/\/api.w.org\/{rel}","templated":true}]}}