{"id":20338,"date":"2022-10-26T15:16:30","date_gmt":"2022-10-26T12:16:30","guid":{"rendered":"https:\/\/integration.luckan.fi\/?p=20338"},"modified":"2023-10-24T11:12:29","modified_gmt":"2023-10-24T08:12:29","slug":"come-in2-project-closing-conference","status":"publish","type":"post","link":"https:\/\/integration.luckan.fi\/fi\/come-in2-project-closing-conference\/","title":{"rendered":"Come in2 -hanke - p\u00e4\u00e4t\u00f6skonferenssi"},"content":{"rendered":"<p>T\u00e4n\u00e4\u00e4n oli Come in2 Project - p\u00e4\u00e4t\u00f6skonferenssi G18-tapahtumassa Helsingiss\u00e4. Se oli koko p\u00e4iv\u00e4n kest\u00e4v\u00e4 tapahtuma t\u00e4ynn\u00e4 mielenkiintoisia luentoja ja oivalluksia. 45 ihmist\u00e4 osallistui IRL ja useampi seurasi verkkovirtaa. <\/p>\n\n\n\n<p>Hankkeen tavoitteena on, ett\u00e4 pystymme toimintamme kautta vaikuttamaan sellaisen yhteiskunnan luomiseen, jossa Suomeen tulevat lapset ja nuoret paitsi integroituvat my\u00f6s otetaan mukaan. Haluamme osaltaan varmistaa, ett\u00e4 lapset ja nuoret eiv\u00e4t j\u00e4\u00e4 syrj\u00e4\u00e4n, ett\u00e4 heid\u00e4n \u00e4\u00e4nens\u00e4 tulee kuulluksi ja ett\u00e4 heid\u00e4n etunsa otetaan huomioon kaikilla sektoreilla ja kaikissa elimiss\u00e4.\u00a0<\/p>\n\n\n\n<p>T\u00e4m\u00e4n tavoitteen saavuttamiseksi olemme ty\u00f6skennelleet osaamisen kehitt\u00e4misen parissa ja esitelleet tutkimustietoa ja hyvi\u00e4 menetelmi\u00e4 kaikille kotouttamisprosessissa mukana oleville.\u00a0<\/p>\n\n\n\n<p><strong>Hankekumppanit:<\/strong>\u00a0<\/p>\n\n\n\n<ul class=\"wp-block-list\">\n<li>\u00c5bo Akademin elinik\u00e4isen oppimisen keskus ja Novia-ammattikorkeakoulu.<\/li>\n\n\n\n<li>Helsingin yliopiston ruotsalainen yhteiskuntatieteellinen korkeakoulu (31.7.2021 saakka).<\/li>\n\n\n\n<li>Folkh\u00e4lsan Education AB\u00a0<\/li>\n\n\n\n<li>F\u00f6reningen Luckan r.f. (Suomi-Ruotsi tiedotus- ja kulttuurikeskus)\u00a0<\/li>\n<\/ul>\n\n\n\n<p><strong>Rahoitus:&nbsp;<\/strong>&nbsp;<\/p>\n\n\n\n<p>Hanke rahoitetaan EU:n yll\u00e4pit\u00e4m\u00e4n turvapaikka-, maahanmuutto- ja kotouttamisrahaston (AMIF) tuella, jota Suomessa hallinnoi sis\u00e4ministeri\u00f6. Hanketta tukevat my\u00f6s Ruotsin kulttuuris\u00e4\u00e4ti\u00f6, Vaasan Aktia-s\u00e4\u00e4ti\u00f6 ja hankekumppanit.&nbsp;&nbsp;<\/p>\n\n\n\n<p><strong>Muut yhteisty\u00f6kumppanit:<\/strong><\/p>\n\n\n\n<ul class=\"wp-block-list\">\n<li>Pohjoismainen hyvinvointikeskus<\/li>\n\n\n\n<li>Nuorisoj\u00e4rjest\u00f6 Mahdin Nuoret<\/li>\n\n\n\n<li>Mannerheimin liitto lasten hyvinvoinnin puolesta<\/li>\n\n\n\n<li>CEREN Etnisten suhteiden ja nationalismin tutkimuskeskus CEREN<\/li>\n\n\n\n<li>Korsholmin kunta<\/li>\n\n\n\n<li>Ihmisoikeusinstituutti, \u00c5bo Akademi<\/li>\n\n\n\n<li>Helsingin kaupunki<\/li>\n\n\n\n<li>Svenska.fi<\/li>\n\n\n\n<li>Turun kaupunki<\/li>\n\n\n\n<li>ELY-keskus, elinkeino-, liikenne- ja ymp\u00e4rist\u00f6keskus (ELY-keskus)<\/li>\n<\/ul>\n\n\n\n<p>Voit lukea lis\u00e4\u00e4 <a rel=\"noreferrer noopener\" href=\"https:\/\/stiginastusisaan.com\/english\/\" target=\"_blank\">projektista t\u00e4\u00e4ll\u00e4<\/a>.<\/p>","protected":false},"excerpt":{"rendered":"<p>T\u00e4n\u00e4\u00e4n oli Come in2 Project - p\u00e4\u00e4t\u00f6skonferenssi G18-tapahtumassa Helsingiss\u00e4. Se oli koko p\u00e4iv\u00e4n kest\u00e4v\u00e4 tapahtuma t\u00e4ynn\u00e4 mielenkiintoisia luentoja ja oivalluksia. 45 ihmist\u00e4 osallistui IRL:\u00e4\u00e4n ja useampi seurasi verkkovirtaa. Hankkeen tavoitteena on, ett\u00e4 voimme toimintamme kautta vaikuttaa sellaisen yhteiskunnan luomiseen, jossa lapset... <a class=\"more-link\" href=\"https:\/\/integration.luckan.fi\/fi\/come-in2-project-closing-conference\/\">Jatka lukemista <span class=\"screen-reader-text\">Come in2 -hanke - p\u00e4\u00e4t\u00f6skonferenssi<\/span><\/a><\/p>","protected":false},"author":1,"featured_media":20339,"comment_status":"closed","ping_status":"closed","sticky":false,"template":"","format":"standard","meta":{"om_disable_all_campaigns":false,"inline_featured_image":false,"ghostkit_customizer_options":"","ghostkit_custom_css":"","ghostkit_custom_js_head":"","ghostkit_custom_js_foot":"","ghostkit_typography":"","_monsterinsights_skip_tracking":false,"_monsterinsights_sitenote_active":false,"_monsterinsights_sitenote_note":"","_monsterinsights_sitenote_category":0,"cybocfi_hide_featured_image":"","footnotes":""},"categories":[1,85],"tags":[],"class_list":["post-20338","post","type-post","status-publish","format-standard","has-post-thumbnail","hentry","category-before","category-news","entry"],"aioseo_notices":[],"featured_image_src":"https:\/\/integration.luckan.fi\/wp-content\/uploads\/2022\/10\/20221026_125443-scaled.jpg","author_info":{"display_name":"admin","author_link":"https:\/\/integration.luckan.fi\/fi\/author\/admin\/"},"_links":{"self":[{"href":"https:\/\/integration.luckan.fi\/fi\/wp-json\/wp\/v2\/posts\/20338","targetHints":{"allow":["GET"]}}],"collection":[{"href":"https:\/\/integration.luckan.fi\/fi\/wp-json\/wp\/v2\/posts"}],"about":[{"href":"https:\/\/integration.luckan.fi\/fi\/wp-json\/wp\/v2\/types\/post"}],"author":[{"embeddable":true,"href":"https:\/\/integration.luckan.fi\/fi\/wp-json\/wp\/v2\/users\/1"}],"replies":[{"embeddable":true,"href":"https:\/\/integration.luckan.fi\/fi\/wp-json\/wp\/v2\/comments?post=20338"}],"version-history":[{"count":1,"href":"https:\/\/integration.luckan.fi\/fi\/wp-json\/wp\/v2\/posts\/20338\/revisions"}],"predecessor-version":[{"id":20340,"href":"https:\/\/integration.luckan.fi\/fi\/wp-json\/wp\/v2\/posts\/20338\/revisions\/20340"}],"wp:featuredmedia":[{"embeddable":true,"href":"https:\/\/integration.luckan.fi\/fi\/wp-json\/wp\/v2\/media\/20339"}],"wp:attachment":[{"href":"https:\/\/integration.luckan.fi\/fi\/wp-json\/wp\/v2\/media?parent=20338"}],"wp:term":[{"taxonomy":"category","embeddable":true,"href":"https:\/\/integration.luckan.fi\/fi\/wp-json\/wp\/v2\/categories?post=20338"},{"taxonomy":"post_tag","embeddable":true,"href":"https:\/\/integration.luckan.fi\/fi\/wp-json\/wp\/v2\/tags?post=20338"}],"curies":[{"name":"wp","href":"https:\/\/api.w.org\/{rel}","templated":true}]}}