{"id":20628,"date":"2023-05-15T10:28:16","date_gmt":"2023-05-15T07:28:16","guid":{"rendered":"https:\/\/integration.luckan.fi\/?p=20628"},"modified":"2023-10-24T11:11:32","modified_gmt":"2023-10-24T08:11:32","slug":"opportunities-in-swedish","status":"publish","type":"post","link":"https:\/\/integration.luckan.fi\/fi\/opportunities-in-swedish\/","title":{"rendered":"Mahdollisuuksia ruotsiksi!"},"content":{"rendered":"<p>Toukokuun 10. p\u00e4iv\u00e4n\u00e4 j\u00e4rjestimme menestyksekk\u00e4\u00e4n tilaisuuden ruotsin kielen mahdollisuuksista p\u00e4\u00e4kaupunkiseudulla. Yli 40 kiinnostunutta tapasi 11 organisaation edustajia, jotka antoivat tietoa koulutuksesta ja ty\u00f6st\u00e4, kielikursseista ja kulttuurista. Palautetta saimme er\u00e4\u00e4lt\u00e4 k\u00e4vij\u00e4lt\u00e4 seuraavasti: \"Rehellisesti sanottuna tunsin oloni kotoisaksi ohjelman aikana ja sen j\u00e4lkeen.\" Kiitos \u2764\ufe0f<br \/><br \/>Seuraava ruotsinkielisi\u00e4 mahdollisuuksia k\u00e4sittelev\u00e4 tapahtuma on 22. elokuuta klo 17-19 Luckanissa, Georgsgatan 27. <a href=\"https:\/\/www.facebook.com\/LuckanIntegration\" target=\"_blank\" rel=\"noopener\" title=\"\">Seuraa meit\u00e4 Facebookissa<\/a> tai tilaa uutiskirjeemme, jotta et j\u00e4\u00e4 paitsi mist\u00e4\u00e4n tapahtumasta, joka voisi olla sinulle hyv\u00e4ksi!<\/p>\n\n\n<script>(function() {\n\twindow.mc4wp = window.mc4wp || {\n\t\tlisteners: [],\n\t\tforms: {\n\t\t\ton: function(evt, cb) {\n\t\t\t\twindow.mc4wp.listeners.push(\n\t\t\t\t\t{\n\t\t\t\t\t\tevent   : evt,\n\t\t\t\t\t\tcallback: cb\n\t\t\t\t\t}\n\t\t\t\t);\n\t\t\t}\n\t\t}\n\t}\n})();\n<\/script><!-- Mailchimp for WordPress v4.12.2 - https:\/\/wordpress.org\/plugins\/mailchimp-for-wp\/ --><form id=\"mc4wp-form-1\" class=\"mc4wp-form mc4wp-form-15360\" method=\"post\" data-id=\"15360\" data-name=\"Sign up for Luckan integration\" action=\"\" ><div class=\"mc4wp-form-fields\"><div class=\"emailform\">\r\n\t<label class=\"emaillabel\">S\u00e4hk\u00f6postiosoite:<\/label>\r\n\t<input id=\"signupform\" type=\"email\" name=\"EMAIL\" placeholder=\"S\u00e4hk\u00f6postiosoitteesi\" required \/>\r\n    <input id=\"signupform_submit\" type=\"submit\" value=\"Rekister\u00f6idy\" \/>\r\n<\/div><\/div><label style=\"display: none !important;\">J\u00e4t\u00e4 t\u00e4m\u00e4 kentt\u00e4 tyhj\u00e4ksi, jos olet ihminen: <input type=\"text\" name=\"_mc4wp_honeypot\" value=\"\" tabindex=\"-1\" autocomplete=\"off\" \/><\/label><input type=\"hidden\" name=\"_mc4wp_timestamp\" value=\"1777375280\" \/><input type=\"hidden\" name=\"_mc4wp_form_id\" value=\"15360\" \/><input type=\"hidden\" name=\"_mc4wp_form_element_id\" value=\"mc4wp-form-1\" \/><div class=\"mc4wp-response\"><\/div><input type=\"hidden\" name=\"trp-form-language\" value=\"fi\"\/><\/form><!-- \/ Mailchimp for WordPress Plugin -->","protected":false},"excerpt":{"rendered":"<p>Toukokuun 10. p\u00e4iv\u00e4n\u00e4 j\u00e4rjestimme menestyksekk\u00e4\u00e4n tilaisuuden ruotsin kielen mahdollisuuksista p\u00e4\u00e4kaupunkiseudulla. Yli 40 kiinnostunutta tapasi 11 organisaation edustajia, jotka antoivat tietoa koulutuksesta ja ty\u00f6st\u00e4, kielikursseista ja kulttuurista. Palautetta saimme er\u00e4\u00e4lt\u00e4 k\u00e4vij\u00e4lt\u00e4 seuraavasti: \"Rehellisesti sanottuna tunsin oloni kotoisaksi ohjelman aikana ja sen j\u00e4lkeen.\" Kiitos... <a class=\"more-link\" href=\"https:\/\/integration.luckan.fi\/fi\/opportunities-in-swedish\/\">Jatka lukemista <span class=\"screen-reader-text\">Mahdollisuuksia ruotsiksi!<\/span><\/a><\/p>","protected":false},"author":1,"featured_media":20629,"comment_status":"closed","ping_status":"closed","sticky":false,"template":"","format":"standard","meta":{"om_disable_all_campaigns":false,"inline_featured_image":false,"ghostkit_customizer_options":"","ghostkit_custom_css":"","ghostkit_custom_js_head":"","ghostkit_custom_js_foot":"","ghostkit_typography":"","_monsterinsights_skip_tracking":false,"_monsterinsights_sitenote_active":false,"_monsterinsights_sitenote_note":"","_monsterinsights_sitenote_category":0,"cybocfi_hide_featured_image":"","footnotes":""},"categories":[1,85],"tags":[],"class_list":["post-20628","post","type-post","status-publish","format-standard","has-post-thumbnail","hentry","category-before","category-news","entry"],"aioseo_notices":[],"featured_image_src":"https:\/\/integration.luckan.fi\/wp-content\/uploads\/2023\/05\/image_50456321-scaled.jpg","author_info":{"display_name":"admin","author_link":"https:\/\/integration.luckan.fi\/fi\/author\/admin\/"},"_links":{"self":[{"href":"https:\/\/integration.luckan.fi\/fi\/wp-json\/wp\/v2\/posts\/20628","targetHints":{"allow":["GET"]}}],"collection":[{"href":"https:\/\/integration.luckan.fi\/fi\/wp-json\/wp\/v2\/posts"}],"about":[{"href":"https:\/\/integration.luckan.fi\/fi\/wp-json\/wp\/v2\/types\/post"}],"author":[{"embeddable":true,"href":"https:\/\/integration.luckan.fi\/fi\/wp-json\/wp\/v2\/users\/1"}],"replies":[{"embeddable":true,"href":"https:\/\/integration.luckan.fi\/fi\/wp-json\/wp\/v2\/comments?post=20628"}],"version-history":[{"count":1,"href":"https:\/\/integration.luckan.fi\/fi\/wp-json\/wp\/v2\/posts\/20628\/revisions"}],"predecessor-version":[{"id":20630,"href":"https:\/\/integration.luckan.fi\/fi\/wp-json\/wp\/v2\/posts\/20628\/revisions\/20630"}],"wp:featuredmedia":[{"embeddable":true,"href":"https:\/\/integration.luckan.fi\/fi\/wp-json\/wp\/v2\/media\/20629"}],"wp:attachment":[{"href":"https:\/\/integration.luckan.fi\/fi\/wp-json\/wp\/v2\/media?parent=20628"}],"wp:term":[{"taxonomy":"category","embeddable":true,"href":"https:\/\/integration.luckan.fi\/fi\/wp-json\/wp\/v2\/categories?post=20628"},{"taxonomy":"post_tag","embeddable":true,"href":"https:\/\/integration.luckan.fi\/fi\/wp-json\/wp\/v2\/tags?post=20628"}],"curies":[{"name":"wp","href":"https:\/\/api.w.org\/{rel}","templated":true}]}}