{"id":22074,"date":"2023-10-24T14:25:09","date_gmt":"2023-10-24T11:25:09","guid":{"rendered":"https:\/\/integration.luckan.fi\/?p=22074"},"modified":"2023-10-24T15:44:27","modified_gmt":"2023-10-24T12:44:27","slug":"swedish-language-courses-starting-from-november-onwards","status":"publish","type":"post","link":"https:\/\/integration.luckan.fi\/fi\/swedish-language-courses-starting-from-november-onwards\/","title":{"rendered":"Ruotsin kielen kurssit alkaen marraskuusta eteenp\u00e4in"},"content":{"rendered":"<p>Monet ruotsin kielen kurssit alkavat pian, joten katsoimme tarpeelliseksi listata ne sinulle.<\/p>\n\n\n\n<ul class=\"wp-block-list\">\n<li><strong><a href=\"https:\/\/akan.fi\/\" target=\"_blank\" rel=\"noopener\" title=\"\">Borg\u00e5 Folkakademi<\/a><\/strong> j\u00e4rjest\u00e4\u00e4 ruotsin kielen kurssin <a href=\"https:\/\/www.arcada.fi\/en\" target=\"_blank\" rel=\"noopener\" title=\"\">Arcada<\/a> joka vie sinut nykyiselt\u00e4 tasoltasi tasolle B1. Kurssi kest\u00e4\u00e4 kahdeksan kuukautta, ja siihen sis\u00e4ltyy nelj\u00e4 viikkoa kieliharjoittelua esimerkiksi Folkh\u00e4lsanin yksik\u00f6iss\u00e4. Seuraava kurssi alkaa 13. marraskuuta, ja hakuaika p\u00e4\u00e4ttyy 1. marraskuuta. <a href=\"https:\/\/akan.fi\/kurser\/swedish-education\/\" target=\"_blank\" rel=\"noopener\" title=\"\">Hae t\u00e4\u00e4lt\u00e4<\/a>.<br \/>(Borg\u00e5 Folkakademi aloittaa tammikuussa 16 viikkoa kest\u00e4v\u00e4n ruotsin kielen kurssin, joka on suunnattu ukrainalaisille.) Painopisteen\u00e4 on kaupank\u00e4ynti, ja mukana oleva ty\u00f6nantaja tulee olemaan<a href=\"https:\/\/vbo.fi\/sv\/startsida-2\/\" target=\"_blank\" rel=\"noopener\" title=\"\"> Varuboden-Osla<\/a>. Se on yhteisty\u00f6 Arcadan ja <a href=\"https:\/\/prakticum.fi\/\" target=\"_blank\" rel=\"noopener\" title=\"\">Prakticum<\/a> ja lis\u00e4tietoja annetaan my\u00f6hemmin.)<br \/><\/li>\n\n\n\n<li><a href=\"https:\/\/arbis.hel.fi\/kurser-och-anmalningar\/sfi-svenska-for-invandrade\/\" target=\"_blank\" rel=\"noopener\" title=\"\"><strong>Helsingfors Arbis<\/strong> <\/a>aloittaa uuden SFI-integraatiokurssin tammikuussa. Heill\u00e4 on 12. joulukuuta tasokoe, joka on pakollinen kurssin aloittamiseksi. <a href=\"https:\/\/ilmonet.fi\/course\/A230831\" target=\"_blank\" rel=\"noopener\" title=\"\">Ilmoittaudu tasotestiin t\u00e4\u00e4ll\u00e4<\/a>.<br \/><\/li>\n\n\n\n<li><strong><a href=\"https:\/\/www.arffman.fi\/\" target=\"_blank\" rel=\"noopener\" title=\"\">Arffman<\/a><\/strong> aloittaa seuraavan multimodaalisen integraatiokoulutuksen ruotsiksi 5. helmikuuta. Kurssi on suunnattu maahanmuuttajille, joilla on viel\u00e4 kotoutumisaikaa j\u00e4ljell\u00e4, mutta jotka asuvat alueella, jolla ei ole tarjolla SFI:n kotoutumiskurssia. Lis\u00e4tietoja saa Katariina Mikkoselta osoitteessa <a href=\"mailto:catarina.mikkonen@edu.arffman.fi\">catarina.mikkonen@edu.arffman.fi<\/a> tai soittamalla numeroon +358 44 475 7320. <\/li>\n<\/ul>\n\n\n\n<p>Lis\u00e4\u00e4 ruotsinkielisi\u00e4 kursseja l\u00f6ytyy:<\/p>\n\n\n\n<ul class=\"wp-block-list\">\n<li>T\u00e4ss\u00e4: <a href=\"https:\/\/integration.luckan.fi\/integratinginswedish\/?wpv-category=1swedishcourses&amp;wpv_view_count=15112\" target=\"_blank\" rel=\"noopener\" title=\"\">Ruotsin kurssit<\/a><\/li>\n\n\n\n<li>Suomalaisilla kursseilla: <a href=\"https:\/\/finnishcourses.fi\/courses\/swedish-courses\">Suomen kurssit<\/a><\/li>\n\n\n\n<li>Ilmonetissa: <a href=\"https:\/\/ilmonet.fi\/search?txt=swedish+svenska&amp;status=-10000&amp;page=1&amp;limits=16&amp;list_type=30&amp;sort=2500\">Ilmonet<\/a><\/li>\n<\/ul>","protected":false},"excerpt":{"rendered":"<p>Monet ruotsin kielen kurssit alkavat pian, joten katsoimme tarpeelliseksi listata ne sinulle. Lis\u00e4\u00e4 ruotsin kursseja l\u00f6ytyy:<\/p>","protected":false},"author":1,"featured_media":22075,"comment_status":"closed","ping_status":"closed","sticky":false,"template":"","format":"standard","meta":{"om_disable_all_campaigns":false,"inline_featured_image":false,"ghostkit_customizer_options":"","ghostkit_custom_css":"","ghostkit_custom_js_head":"","ghostkit_custom_js_foot":"","ghostkit_typography":"","_monsterinsights_skip_tracking":false,"_monsterinsights_sitenote_active":false,"_monsterinsights_sitenote_note":"","_monsterinsights_sitenote_category":0,"cybocfi_hide_featured_image":"","footnotes":""},"categories":[1],"tags":[],"class_list":["post-22074","post","type-post","status-publish","format-standard","has-post-thumbnail","hentry","category-before","entry"],"aioseo_notices":[],"featured_image_src":"https:\/\/integration.luckan.fi\/wp-content\/uploads\/2023\/10\/peter-van-der-meulen-2wBr7WqwYb0-unsplash-2-scaled.jpg","author_info":{"display_name":"admin","author_link":"https:\/\/integration.luckan.fi\/fi\/author\/admin\/"},"_links":{"self":[{"href":"https:\/\/integration.luckan.fi\/fi\/wp-json\/wp\/v2\/posts\/22074","targetHints":{"allow":["GET"]}}],"collection":[{"href":"https:\/\/integration.luckan.fi\/fi\/wp-json\/wp\/v2\/posts"}],"about":[{"href":"https:\/\/integration.luckan.fi\/fi\/wp-json\/wp\/v2\/types\/post"}],"author":[{"embeddable":true,"href":"https:\/\/integration.luckan.fi\/fi\/wp-json\/wp\/v2\/users\/1"}],"replies":[{"embeddable":true,"href":"https:\/\/integration.luckan.fi\/fi\/wp-json\/wp\/v2\/comments?post=22074"}],"version-history":[{"count":3,"href":"https:\/\/integration.luckan.fi\/fi\/wp-json\/wp\/v2\/posts\/22074\/revisions"}],"predecessor-version":[{"id":22091,"href":"https:\/\/integration.luckan.fi\/fi\/wp-json\/wp\/v2\/posts\/22074\/revisions\/22091"}],"wp:featuredmedia":[{"embeddable":true,"href":"https:\/\/integration.luckan.fi\/fi\/wp-json\/wp\/v2\/media\/22075"}],"wp:attachment":[{"href":"https:\/\/integration.luckan.fi\/fi\/wp-json\/wp\/v2\/media?parent=22074"}],"wp:term":[{"taxonomy":"category","embeddable":true,"href":"https:\/\/integration.luckan.fi\/fi\/wp-json\/wp\/v2\/categories?post=22074"},{"taxonomy":"post_tag","embeddable":true,"href":"https:\/\/integration.luckan.fi\/fi\/wp-json\/wp\/v2\/tags?post=22074"}],"curies":[{"name":"wp","href":"https:\/\/api.w.org\/{rel}","templated":true}]}}