{"id":22537,"date":"2024-05-14T17:43:04","date_gmt":"2024-05-14T14:43:04","guid":{"rendered":"https:\/\/integration.luckan.fi\/?p=22537"},"modified":"2024-05-28T13:54:15","modified_gmt":"2024-05-28T10:54:15","slug":"integration-civil-society-luckan-co-hosts-nordic-conference","status":"publish","type":"post","link":"https:\/\/integration.luckan.fi\/fi\/integration-civil-society-luckan-co-hosts-nordic-conference\/","title":{"rendered":"Kotouttaminen ja kansalaisyhteiskunta: Luckan is\u00e4nn\u00f6i pohjoismaista konferenssia"},"content":{"rendered":"<p>Kuinka t\u00e4rke\u00e4\u00e4 kansalaisyhteiskunta todella on oikeudenmukaisen ja tehokkaan yhdentymisen varmistamisessa? Jos et p\u00e4\u00e4ssyt osallistumaan konferenssiimme, t\u00e4ss\u00e4 on spoileri: se on v\u00e4ltt\u00e4m\u00e4t\u00f6n!<\/p>\n\n\n\n<p class=\"has-normal-font-size\">Kansalaisyhteiskunnan mahdollisuudet maahanmuuttajien ty\u00f6markkinoille integroitumisessa<\/p>\n\n\n\n<p>Luckan j\u00e4rjesti 7. toukokuuta yhdess\u00e4 tanskalaisen KVINFOn ja norjalaisen Sammen om en jobb -j\u00e4rjest\u00f6n kanssa monialaisen hybridikonferenssin, jonka otsikko oli<strong>Kansalaisyhteiskunnan mahdollisuudet maahanmuuttajien ty\u00f6markkinoille integroitumisessa\".<\/strong>.  Kiitos kaikille, jotka osallistuivat Suomessa, verkossa tai muissa maissa!&nbsp;<\/p>\n\n\n\n<p>Konferenssin aikana kuulimme p\u00e4\u00e4puhuja Helle Hygum Espersenin (Tanskan yhteiskuntatieteellisen tutkimuskeskuksen VIVE:n johtava tutkimusanalyytikko) puheenvuoron kansalaisyhteiskunnan historiasta ja nykyisist\u00e4 haasteista Pohjoismaissa. T\u00e4m\u00e4n j\u00e4lkeen Cheralyn Mealor esitteli kolmen j\u00e4rjest\u00f6n vertailevan tutkimushankkeen tuloksia mentoroinnista, joka on keskeinen v\u00e4line kaksisuuntaisessa kotouttamisessa.&nbsp;<\/p>\n\n\n\n<p><a href=\"https:\/\/kvinfo.dk\/wp-content\/uploads\/2024\/04\/Kvinder-i-job-mentoring-for-migranter-i-de-nordiske-lande.pdf\" title=\"\"><strong>Lue projektiraportti tanskaksi t\u00e4\u00e4lt\u00e4<\/strong><\/a> - tai <strong><a href=\"https:\/\/integration.luckan.fi\/the-kvinder-i-job-report-is-published\/\" title=\"\">lyhyt englanninkielinen tiivistelm\u00e4 l\u00f6ytyy t\u00e4\u00e4lt\u00e4<\/a>!<\/strong><\/p>\n\n\n\n<p>Konferenssin loppuosassa integraatioalalla toimivien julkisen, yksityisen ja kolmannen sektorin organisaatioiden edustajat k\u00e4sitteliv\u00e4t ty\u00f6pajoissa yhteisty\u00f6n haasteita ja mahdollisuuksia. Ty\u00f6pajojen tulokset kootaan kokemusluetteloksi, joka julkaistaan l\u00e4hikuukausina. T\u00e4h\u00e4n menness\u00e4 pohjoismainen yhteisty\u00f6hankkeemme on jo tuottanut suosituksia siit\u00e4, miten voimme yhdess\u00e4 tukea kotouttamista mentoroinnin kaltaisten v\u00e4lineiden avulla. Mentorointi on vapaaehtoinen, tasa-arvoinen ja tehokas toimintatapa, jossa on paljon kaivattua henkil\u00f6kohtaista otetta. <\/p>\n\n\n\n<p><strong>Pysy kuulolla ja lue el\u00e4mysluettelo! <\/strong><\/p>\n\n\n\n<p>Konferenssi, raportti ja kokemusluettelo ovat kaikki osa Pohjoismaiden ministerineuvoston rahoittamaa Kvinder i Job -hanketta (2023-24).<\/p>\n\n\n\n<p>PS. Katso alla oleva kuva, kun 'Kvinder i Job' -tiimi vieraili <strong>2024 Euroopan mentorointihuippukokous Pariisissa<\/strong>! Siell\u00e4 meid\u00e4t valittiin is\u00e4nn\u00f6im\u00e4\u00e4n ty\u00f6pajoja, jotka k\u00e4sitteliv\u00e4t l\u00f6yd\u00f6ksi\u00e4mme. Tilaisuus oli j\u00e4lleen yksi tilaisuus harjoitella kansainv\u00e4list\u00e4 yhteisty\u00f6t\u00e4 yhteiskunnallisen muutoksen hyv\u00e4ksi!<\/p>\n\n\n\n<figure class=\"wp-block-image size-large\"><img loading=\"lazy\" decoding=\"async\" width=\"1500\" height=\"1125\" src=\"https:\/\/integration.luckan.fi\/wp-content\/uploads\/2024\/05\/20240425_155922-1500x1125.jpg\" alt=\"\" class=\"wp-image-22542\" srcset=\"https:\/\/integration.luckan.fi\/wp-content\/uploads\/2024\/05\/20240425_155922-1500x1125.jpg 1500w, https:\/\/integration.luckan.fi\/wp-content\/uploads\/2024\/05\/20240425_155922-1200x900.jpg 1200w, https:\/\/integration.luckan.fi\/wp-content\/uploads\/2024\/05\/20240425_155922-400x300.jpg 400w, https:\/\/integration.luckan.fi\/wp-content\/uploads\/2024\/05\/20240425_155922-768x576.jpg 768w, https:\/\/integration.luckan.fi\/wp-content\/uploads\/2024\/05\/20240425_155922-1536x1152.jpg 1536w, https:\/\/integration.luckan.fi\/wp-content\/uploads\/2024\/05\/20240425_155922-2048x1536.jpg 2048w, https:\/\/integration.luckan.fi\/wp-content\/uploads\/2024\/05\/20240425_155922-16x12.jpg 16w, https:\/\/integration.luckan.fi\/wp-content\/uploads\/2024\/05\/20240425_155922-200x150.jpg 200w, https:\/\/integration.luckan.fi\/wp-content\/uploads\/2024\/05\/20240425_155922-150x113.jpg 150w, https:\/\/integration.luckan.fi\/wp-content\/uploads\/2024\/05\/20240425_155922-1568x1176.jpg 1568w\" sizes=\"auto, (max-width: 1500px) 100vw, 1500px\" \/><\/figure>","protected":false},"excerpt":{"rendered":"<p>Kuinka t\u00e4rke\u00e4\u00e4 kansalaisyhteiskunta todella on oikeudenmukaisen ja tehokkaan yhdentymisen varmistamisessa? Jos et p\u00e4\u00e4ssyt osallistumaan konferenssiimme, t\u00e4ss\u00e4 on spoileri: se on v\u00e4ltt\u00e4m\u00e4t\u00f6n! Kansalaisyhteiskunnan mahdollisuudet maahanmuuttajien ty\u00f6markkinoille integroitumisessa Luckan j\u00e4rjesti 7. toukokuuta monialaisen hybridikonferenssin yhdess\u00e4 tanskalaisen KVINFOn ja Sammen om en... <a class=\"more-link\" href=\"https:\/\/integration.luckan.fi\/fi\/integration-civil-society-luckan-co-hosts-nordic-conference\/\">Jatka lukemista <span class=\"screen-reader-text\">Kotouttaminen ja kansalaisyhteiskunta: Luckan is\u00e4nn\u00f6i pohjoismaista konferenssia<\/span><\/a><\/p>","protected":false},"author":1,"featured_media":22541,"comment_status":"closed","ping_status":"closed","sticky":false,"template":"","format":"standard","meta":{"om_disable_all_campaigns":false,"inline_featured_image":false,"ghostkit_customizer_options":"","ghostkit_custom_css":"","ghostkit_custom_js_head":"","ghostkit_custom_js_foot":"","ghostkit_typography":"","_monsterinsights_skip_tracking":false,"_monsterinsights_sitenote_active":false,"_monsterinsights_sitenote_note":"","_monsterinsights_sitenote_category":0,"cybocfi_hide_featured_image":"","footnotes":""},"categories":[86,1],"tags":[87],"class_list":["post-22537","post","type-post","status-publish","format-standard","has-post-thumbnail","hentry","category-kvinder-i-job","category-before","tag-kvinderijob","entry"],"aioseo_notices":[],"featured_image_src":"https:\/\/integration.luckan.fi\/wp-content\/uploads\/2024\/05\/IMG_0051-scaled.jpg","author_info":{"display_name":"admin","author_link":"https:\/\/integration.luckan.fi\/fi\/author\/admin\/"},"_links":{"self":[{"href":"https:\/\/integration.luckan.fi\/fi\/wp-json\/wp\/v2\/posts\/22537","targetHints":{"allow":["GET"]}}],"collection":[{"href":"https:\/\/integration.luckan.fi\/fi\/wp-json\/wp\/v2\/posts"}],"about":[{"href":"https:\/\/integration.luckan.fi\/fi\/wp-json\/wp\/v2\/types\/post"}],"author":[{"embeddable":true,"href":"https:\/\/integration.luckan.fi\/fi\/wp-json\/wp\/v2\/users\/1"}],"replies":[{"embeddable":true,"href":"https:\/\/integration.luckan.fi\/fi\/wp-json\/wp\/v2\/comments?post=22537"}],"version-history":[{"count":7,"href":"https:\/\/integration.luckan.fi\/fi\/wp-json\/wp\/v2\/posts\/22537\/revisions"}],"predecessor-version":[{"id":22559,"href":"https:\/\/integration.luckan.fi\/fi\/wp-json\/wp\/v2\/posts\/22537\/revisions\/22559"}],"wp:featuredmedia":[{"embeddable":true,"href":"https:\/\/integration.luckan.fi\/fi\/wp-json\/wp\/v2\/media\/22541"}],"wp:attachment":[{"href":"https:\/\/integration.luckan.fi\/fi\/wp-json\/wp\/v2\/media?parent=22537"}],"wp:term":[{"taxonomy":"category","embeddable":true,"href":"https:\/\/integration.luckan.fi\/fi\/wp-json\/wp\/v2\/categories?post=22537"},{"taxonomy":"post_tag","embeddable":true,"href":"https:\/\/integration.luckan.fi\/fi\/wp-json\/wp\/v2\/tags?post=22537"}],"curies":[{"name":"wp","href":"https:\/\/api.w.org\/{rel}","templated":true}]}}