{"id":13205,"date":"2020-09-25T10:27:29","date_gmt":"2020-09-25T07:27:29","guid":{"rendered":"https:\/\/integration.luckan.fi\/?p=13205"},"modified":"2023-10-24T11:13:33","modified_gmt":"2023-10-24T08:13:33","slug":"inspiration-day-29-10multilingualism-and-inclusion","status":"publish","type":"post","link":"https:\/\/integration.luckan.fi\/sv\/inspiration-day-29-10multilingualism-and-inclusion\/","title":{"rendered":"Inspirationsdag 29.10: Flerspr\u00e5kighet och inkludering"},"content":{"rendered":"<p>V\u00e4lkommen till en inspirationsdag p\u00e5 Luckan, <em>Flerspr\u00e5kighet och integration<\/em>Den 29 oktober kl. 9-11.30 p\u00e5 Luckan (Torget), och p\u00e5 distans via streaming.<br \/>\u00c4r det finlandssvenska kulturf\u00e4ltet \u00f6ppet f\u00f6r alla? \u00c4ven f\u00f6r personer med annan spr\u00e5kbakgrund och f\u00f6r personer som integrerar sig p\u00e5 svenska? Vad inneb\u00e4r det att arbeta f\u00f6r ett flerspr\u00e5kigt Finland, och hur kan fler k\u00e4nna sig inkluderade? L\u00e5t dig inspireras av f\u00f6rel\u00e4sningar, diskussioner med experter av erfarenhet och exempel fr\u00e5n kulturf\u00e4ltet. <\/p>\n\n\n\n<p>Inspirationsdagen kommer att organiseras i tv\u00e5 delar. Den 29.10, den f\u00f6rsta delen, fokuserar vi p\u00e5 hur man organiserar evenemang f\u00f6r en flerspr\u00e5kig m\u00e5lgrupp. Seminariet kan f\u00f6ljas p\u00e5 distans via streaming samt p\u00e5 Luckan. Ett mer detaljerat program med schema, talare och partner kommer att publiceras i oktober p\u00e5<a aria-label=\" evenemangets Facebook-sida (\u00f6ppnas i en ny flik)\" rel=\"noreferrer noopener\" href=\"https:\/\/www.facebook.com\/events\/334929631271500\" target=\"_blank\" class=\"ek-link\"> evenemangets Facebook-sida<\/a>. Talarna vid evenemanget kommer att tala p\u00e5 svenska medan presentationerna kommer att skrivas p\u00e5 engelska. Fr\u00e5gor \u00e4r v\u00e4lkomna p\u00e5 svenska, engelska eller finska. Den andra delen, med temat flerspr\u00e5kighet p\u00e5 arbetsplatsen, kommer att anordnas 2021.<br \/><br \/>Foto: Ad Astra<\/p>","protected":false},"excerpt":{"rendered":"<p>V\u00e4lkommen till en inspirationsdag p\u00e5 Luckan, flerspr\u00e5kighet och inkludering, den 29 oktober kl. 9-11.30 p\u00e5 Luckan (Torget) och p\u00e5 distans via streaming.\u00c4r det finlandssvenska kulturf\u00e4ltet \u00f6ppet f\u00f6r alla? \u00c4ven f\u00f6r personer med annan spr\u00e5kbakgrund och f\u00f6r personer som integrerar sig p\u00e5 svenska? Vad inneb\u00e4r det att arbeta f\u00f6r ett flerspr\u00e5kigt Finland, och... <a class=\"more-link\" href=\"https:\/\/integration.luckan.fi\/sv\/inspiration-day-29-10multilingualism-and-inclusion\/\">Forts\u00e4tt l\u00e4sa <span class=\"screen-reader-text\">Inspirationsdag 29.10: Flerspr\u00e5kighet och inkludering<\/span><\/a><\/p>","protected":false},"author":1,"featured_media":13204,"comment_status":"closed","ping_status":"closed","sticky":false,"template":"","format":"standard","meta":{"om_disable_all_campaigns":false,"inline_featured_image":false,"ghostkit_customizer_options":"","ghostkit_custom_css":"","ghostkit_custom_js_head":"","ghostkit_custom_js_foot":"","ghostkit_typography":"","_monsterinsights_skip_tracking":false,"_monsterinsights_sitenote_active":false,"_monsterinsights_sitenote_note":"","_monsterinsights_sitenote_category":0,"cybocfi_hide_featured_image":"","footnotes":""},"categories":[1,85],"tags":[],"class_list":["post-13205","post","type-post","status-publish","format-standard","has-post-thumbnail","hentry","category-before","category-news","entry"],"aioseo_notices":[],"featured_image_src":"https:\/\/integration.luckan.fi\/wp-content\/uploads\/2020\/09\/119982144_3324459707607267_3335945226305705493_o.jpg","author_info":{"display_name":"admin","author_link":"https:\/\/integration.luckan.fi\/sv\/author\/admin\/"},"_links":{"self":[{"href":"https:\/\/integration.luckan.fi\/sv\/wp-json\/wp\/v2\/posts\/13205","targetHints":{"allow":["GET"]}}],"collection":[{"href":"https:\/\/integration.luckan.fi\/sv\/wp-json\/wp\/v2\/posts"}],"about":[{"href":"https:\/\/integration.luckan.fi\/sv\/wp-json\/wp\/v2\/types\/post"}],"author":[{"embeddable":true,"href":"https:\/\/integration.luckan.fi\/sv\/wp-json\/wp\/v2\/users\/1"}],"replies":[{"embeddable":true,"href":"https:\/\/integration.luckan.fi\/sv\/wp-json\/wp\/v2\/comments?post=13205"}],"version-history":[{"count":1,"href":"https:\/\/integration.luckan.fi\/sv\/wp-json\/wp\/v2\/posts\/13205\/revisions"}],"predecessor-version":[{"id":22066,"href":"https:\/\/integration.luckan.fi\/sv\/wp-json\/wp\/v2\/posts\/13205\/revisions\/22066"}],"wp:featuredmedia":[{"embeddable":true,"href":"https:\/\/integration.luckan.fi\/sv\/wp-json\/wp\/v2\/media\/13204"}],"wp:attachment":[{"href":"https:\/\/integration.luckan.fi\/sv\/wp-json\/wp\/v2\/media?parent=13205"}],"wp:term":[{"taxonomy":"category","embeddable":true,"href":"https:\/\/integration.luckan.fi\/sv\/wp-json\/wp\/v2\/categories?post=13205"},{"taxonomy":"post_tag","embeddable":true,"href":"https:\/\/integration.luckan.fi\/sv\/wp-json\/wp\/v2\/tags?post=13205"}],"curies":[{"name":"wp","href":"https:\/\/api.w.org\/{rel}","templated":true}]}}