{"id":13493,"date":"2020-11-26T09:24:16","date_gmt":"2020-11-26T07:24:16","guid":{"rendered":"https:\/\/integration.luckan.fi\/?p=13493"},"modified":"2023-10-24T11:13:33","modified_gmt":"2023-10-24T08:13:33","slug":"integration2020-seven-pitches-for-strengthening-engagement-and-inclusion","status":"publish","type":"post","link":"https:\/\/integration.luckan.fi\/sv\/integration2020-seven-pitches-for-strengthening-engagement-and-inclusion\/","title":{"rendered":"Integration2020: Sju f\u00f6rslag f\u00f6r att st\u00e4rka engagemang och inkludering"},"content":{"rendered":"<p>Under den f\u00f6rsta dagen av Integration2020 presenterade sju organisationer inspirerande id\u00e9er och \u00e5tg\u00e4rder f\u00f6r att st\u00e4rka engagemang och inkludering. Publiken r\u00f6stade sedan p\u00e5 sin favorit och vinnaren \"Suomi-Armenia yhdistys\" uts\u00e5gs.<\/p>\n\n\n\n<p>Det vinnande bidraget \"Valo, Language of Art\" presenterade hur armeniska och finska m\u00e4nniskor m\u00f6ts genom passionen f\u00f6r poesi. Som vinnare kommer de att tilldelas en sparringsession med <a href=\"https:\/\/www.sitra.fi\/en\/\" target=\"_blank\" rel=\"noreferrer noopener\">Sitra<\/a> att forts\u00e4tta att st\u00e4rka sin verksamhet. Grattis Valo!<\/p>\n\n\n\n<p>Luckan Integrations koncept D\u00f6rren f\u00f6r yrkesn\u00e4tverk var en av finalisterna med temat \"Tror du p\u00e5 n\u00e4tverk?\". I pitchen lyfte projektledaren Gerd Norrg\u00e5rd fram vikten av n\u00e4tverkande som en del av integrationen och hur D\u00f6rren s\u00e4nker tr\u00f6skeln f\u00f6r professionellt n\u00e4tverkande mellan lokala och internationella yrkesverksamma - och hur givande det kan vara f\u00f6r b\u00e5da parter.<\/p>\n\n\n\n<p>De deltagande organisationerna var:<\/p>\n\n\n\n<ul class=\"wp-block-list\"><li>Luckan Integration: Tror du p\u00e5 n\u00e4tverk?<\/li><li>MPMTO ry: En coachningsresa till v\u00e4lbefinnande, f\u00f6rtroende f\u00f6r samh\u00e4llet och integration<\/li><li>Suomi-Armenia yhdistys: Valo, konstens spr\u00e5k<\/li><li>T\u00e4nk Afrika: Att str\u00e4va efter v\u00e4lbefinnande f\u00f6r sj\u00e4lvf\u00f6rverkligande<\/li><li>Forum mot rasism: Fakta mot hat<\/li><li>Mirsal ry: Arbetare i Finland<\/li><li>Amal ry: Religi\u00f6st medvetet samh\u00e4llsarbete<\/li><\/ul>\n\n\n\n<figure class=\"wp-block-embed-youtube wp-block-embed is-type-video is-provider-youtube wp-embed-aspect-16-9 wp-has-aspect-ratio\"><div class=\"wp-block-embed__wrapper\">\n<iframe loading=\"lazy\" title=\"Tror du p\u00e5 n\u00e4tverk?\" width=\"1000\" height=\"563\" src=\"https:\/\/www.youtube.com\/embed\/xafUnfZs6B4?feature=oembed\" frameborder=\"0\" allow=\"accelerometer; autoplay; clipboard-write; encrypted-media; gyroscope; picture-in-picture; web-share\" allowfullscreen><\/iframe>\n<\/div><\/figure>","protected":false},"excerpt":{"rendered":"<p>Under den f\u00f6rsta dagen av Integration2020 presenterade sju organisationer inspirerande id\u00e9er och \u00e5tg\u00e4rder f\u00f6r att st\u00e4rka engagemang och inkludering. Publiken r\u00f6stade sedan p\u00e5 sin favorit och vinnaren \"Suomi-Armenia yhdistys\" uts\u00e5gs. Den vinnande presentationen \"Valo, Language of Art\" presenterade hur armeniska och finska m\u00e4nniskor m\u00f6ts genom passionen f\u00f6r poesi. Eftersom... <a class=\"more-link\" href=\"https:\/\/integration.luckan.fi\/sv\/integration2020-seven-pitches-for-strengthening-engagement-and-inclusion\/\">Forts\u00e4tt l\u00e4sa <span class=\"screen-reader-text\">Integration2020: Sju f\u00f6rslag f\u00f6r att st\u00e4rka engagemang och inkludering<\/span><\/a><\/p>","protected":false},"author":1,"featured_media":13494,"comment_status":"closed","ping_status":"closed","sticky":false,"template":"","format":"standard","meta":{"om_disable_all_campaigns":false,"inline_featured_image":false,"ghostkit_customizer_options":"","ghostkit_custom_css":"","ghostkit_custom_js_head":"","ghostkit_custom_js_foot":"","ghostkit_typography":"","_monsterinsights_skip_tracking":false,"_monsterinsights_sitenote_active":false,"_monsterinsights_sitenote_note":"","_monsterinsights_sitenote_category":0,"cybocfi_hide_featured_image":"","footnotes":""},"categories":[1,85],"tags":[],"class_list":["post-13493","post","type-post","status-publish","format-standard","has-post-thumbnail","hentry","category-before","category-news","entry"],"aioseo_notices":[],"featured_image_src":"https:\/\/integration.luckan.fi\/wp-content\/uploads\/2020\/11\/Screenshot-2020-11-25-at-16.13.34.png","author_info":{"display_name":"admin","author_link":"https:\/\/integration.luckan.fi\/sv\/author\/admin\/"},"_links":{"self":[{"href":"https:\/\/integration.luckan.fi\/sv\/wp-json\/wp\/v2\/posts\/13493","targetHints":{"allow":["GET"]}}],"collection":[{"href":"https:\/\/integration.luckan.fi\/sv\/wp-json\/wp\/v2\/posts"}],"about":[{"href":"https:\/\/integration.luckan.fi\/sv\/wp-json\/wp\/v2\/types\/post"}],"author":[{"embeddable":true,"href":"https:\/\/integration.luckan.fi\/sv\/wp-json\/wp\/v2\/users\/1"}],"replies":[{"embeddable":true,"href":"https:\/\/integration.luckan.fi\/sv\/wp-json\/wp\/v2\/comments?post=13493"}],"version-history":[{"count":1,"href":"https:\/\/integration.luckan.fi\/sv\/wp-json\/wp\/v2\/posts\/13493\/revisions"}],"predecessor-version":[{"id":22062,"href":"https:\/\/integration.luckan.fi\/sv\/wp-json\/wp\/v2\/posts\/13493\/revisions\/22062"}],"wp:featuredmedia":[{"embeddable":true,"href":"https:\/\/integration.luckan.fi\/sv\/wp-json\/wp\/v2\/media\/13494"}],"wp:attachment":[{"href":"https:\/\/integration.luckan.fi\/sv\/wp-json\/wp\/v2\/media?parent=13493"}],"wp:term":[{"taxonomy":"category","embeddable":true,"href":"https:\/\/integration.luckan.fi\/sv\/wp-json\/wp\/v2\/categories?post=13493"},{"taxonomy":"post_tag","embeddable":true,"href":"https:\/\/integration.luckan.fi\/sv\/wp-json\/wp\/v2\/tags?post=13493"}],"curies":[{"name":"wp","href":"https:\/\/api.w.org\/{rel}","templated":true}]}}