{"id":13544,"date":"2020-12-03T11:49:33","date_gmt":"2020-12-03T09:49:33","guid":{"rendered":"https:\/\/integration.luckan.fi\/?p=13544"},"modified":"2023-10-24T11:13:33","modified_gmt":"2023-10-24T08:13:33","slug":"in-swedish-in-finland","status":"publish","type":"post","link":"https:\/\/integration.luckan.fi\/sv\/in-swedish-in-finland\/","title":{"rendered":"P\u00e5 svenska i Finland- \u041f\u043e-\u0448\u0432\u0435\u0434\u0441\u043a\u0438 \u0432 \u0424\u0438\u043d\u043b\u044f\u043d\u0434\u0438\u0438"},"content":{"rendered":"<p><\/p>\n\n\n\n<p><em>P\u00e5 svenska i Finland<\/em> \u00e4r en ny bok f\u00f6r dig som \u00e4r nyfiken p\u00e5 det svenska spr\u00e5ket och kulturen i det finska samh\u00e4llet. I boken bekantar du dig med Finland som nordiskt land och med Finlands gemensamma historia med Sverige. En stor del av de personer som intervjuats f\u00f6r boken har sj\u00e4lva flyttat till Finland. L\u00e4s mer och best\u00e4ll boken gratis<a aria-label=\" h\u00e4r (\u00f6ppnas i en ny flik)\" href=\"https:\/\/integration.luckan.fi\/inswedishinfinland\/\" target=\"_blank\" rel=\"noreferrer noopener\" class=\"ek-link\"> h\u00e4r<\/a>, antingen p\u00e5 engelska-svenska eller p\u00e5 ryska-svenska.<\/p>\n\n\n\n<p>Den engelsk-svenska <em>P\u00e5 svenska I Finland<\/em>.<\/p>\n\n\n\n<iframe allowfullscreen=\"true\" allow=\"fullscreen\" style=\"border:none;width:100%;height:500px;\" src=\"\/\/e.issuu.com\/embed.html?backgroundColor=%2354b0b2&amp;backgroundColorFullscreen=%2354b0b2&amp;d=svensk-engelska_web&amp;hideIssuuLogo=true&amp;u=foreningenluckan\"><\/iframe>\n\n\n\n<p>\u0428\u0432\u0435\u0434\u0441\u043a\u043e-\u0440\u0443\u0441\u0441\u043a\u0438\u0439 <em>\u041f\u043e-\u0448\u0448\u0432\u0435\u0434\u0441\u043a\u0438 \u0432 \u0424\u0438\u043d\u043b\u044f\u043d\u0434\u0438\u0438<\/em><\/p>\n\n\n\n<iframe allowfullscreen=\"true\" allow=\"fullscreen\" style=\"border:none;width:100%;height:500px;\" src=\"\/\/e.issuu.com\/embed.html?backgroundColor=%2354B0B2&amp;backgroundColorFullscreen=&amp;d=svensk-rysk_20web&amp;hideIssuuLogo=true&amp;u=foreningenluckan\"><\/iframe>\n\n\n\n<p>Wivan Nyg\u00e5rd- Fagerudd, som skrivit st\u00f6rre delen av boken, kommer att tala p\u00e5 den finlandssvenska n\u00e4tboksm\u00e4ssan. <a rel=\"noreferrer noopener\" href=\"https:\/\/bokstrom.fi\/\" target=\"_blank\">Bokstr\u00f6m<\/a>, p\u00e5 <a rel=\"noreferrer noopener\" href=\"https:\/\/bokstrom.fi\/#calendar\/79408fef-9b5c-4363-8f26-2c4265c1dcc6\" target=\"_blank\">17:30 den 6 december.<\/a> F\u00f6rel\u00e4sningen kommer att h\u00e5llas p\u00e5 svenska.<\/p>","protected":false},"excerpt":{"rendered":"<p>P\u00e5 svenska i Finland \u00e4r en ny bok f\u00f6r dig som \u00e4r nyfiken p\u00e5 det svenska spr\u00e5ket och kulturen i det finska samh\u00e4llet. I boken bekantar du dig med Finland som ett nordiskt land och med Finlands gemensamma historia med Sverige. En stor del av de personer som intervjuats f\u00f6r boken har... <a class=\"more-link\" href=\"https:\/\/integration.luckan.fi\/sv\/in-swedish-in-finland\/\">Forts\u00e4tt l\u00e4sa <span class=\"screen-reader-text\">P\u00e5 svenska i Finland- \u041f\u043e-\u0448\u0432\u0435\u0434\u0441\u043a\u0438 \u0432 \u0424\u0438\u043d\u043b\u044f\u043d\u0434\u0438\u0438<\/span><\/a><\/p>","protected":false},"author":1,"featured_media":13552,"comment_status":"closed","ping_status":"closed","sticky":false,"template":"","format":"standard","meta":{"om_disable_all_campaigns":false,"inline_featured_image":false,"ghostkit_customizer_options":"","ghostkit_custom_css":"","ghostkit_custom_js_head":"","ghostkit_custom_js_foot":"","ghostkit_typography":"","_monsterinsights_skip_tracking":false,"_monsterinsights_sitenote_active":false,"_monsterinsights_sitenote_note":"","_monsterinsights_sitenote_category":0,"cybocfi_hide_featured_image":"","footnotes":""},"categories":[1,85],"tags":[],"class_list":["post-13544","post","type-post","status-publish","format-standard","has-post-thumbnail","hentry","category-before","category-news","entry"],"aioseo_notices":[],"featured_image_src":"https:\/\/integration.luckan.fi\/wp-content\/uploads\/2020\/12\/svenska-i-finland-ba\u030ada-omslag-fram-scaled.jpg","author_info":{"display_name":"admin","author_link":"https:\/\/integration.luckan.fi\/sv\/author\/admin\/"},"_links":{"self":[{"href":"https:\/\/integration.luckan.fi\/sv\/wp-json\/wp\/v2\/posts\/13544","targetHints":{"allow":["GET"]}}],"collection":[{"href":"https:\/\/integration.luckan.fi\/sv\/wp-json\/wp\/v2\/posts"}],"about":[{"href":"https:\/\/integration.luckan.fi\/sv\/wp-json\/wp\/v2\/types\/post"}],"author":[{"embeddable":true,"href":"https:\/\/integration.luckan.fi\/sv\/wp-json\/wp\/v2\/users\/1"}],"replies":[{"embeddable":true,"href":"https:\/\/integration.luckan.fi\/sv\/wp-json\/wp\/v2\/comments?post=13544"}],"version-history":[{"count":1,"href":"https:\/\/integration.luckan.fi\/sv\/wp-json\/wp\/v2\/posts\/13544\/revisions"}],"predecessor-version":[{"id":22061,"href":"https:\/\/integration.luckan.fi\/sv\/wp-json\/wp\/v2\/posts\/13544\/revisions\/22061"}],"wp:featuredmedia":[{"embeddable":true,"href":"https:\/\/integration.luckan.fi\/sv\/wp-json\/wp\/v2\/media\/13552"}],"wp:attachment":[{"href":"https:\/\/integration.luckan.fi\/sv\/wp-json\/wp\/v2\/media?parent=13544"}],"wp:term":[{"taxonomy":"category","embeddable":true,"href":"https:\/\/integration.luckan.fi\/sv\/wp-json\/wp\/v2\/categories?post=13544"},{"taxonomy":"post_tag","embeddable":true,"href":"https:\/\/integration.luckan.fi\/sv\/wp-json\/wp\/v2\/tags?post=13544"}],"curies":[{"name":"wp","href":"https:\/\/api.w.org\/{rel}","templated":true}]}}