{"id":22074,"date":"2023-10-24T14:25:09","date_gmt":"2023-10-24T11:25:09","guid":{"rendered":"https:\/\/integration.luckan.fi\/?p=22074"},"modified":"2023-10-24T15:44:27","modified_gmt":"2023-10-24T12:44:27","slug":"swedish-language-courses-starting-from-november-onwards","status":"publish","type":"post","link":"https:\/\/integration.luckan.fi\/sv\/swedish-language-courses-starting-from-november-onwards\/","title":{"rendered":"Svenska spr\u00e5kkurser fr\u00e5n och med november och fram\u00e5t"},"content":{"rendered":"<p>Det finns m\u00e5nga kurser i svenska som startar snart, s\u00e5 vi k\u00e4nde ett behov av att lista dem \u00e5t dig.<\/p>\n\n\n\n<ul class=\"wp-block-list\">\n<li><strong><a href=\"https:\/\/akan.fi\/\" target=\"_blank\" rel=\"noopener\" title=\"\">Borg\u00e5 Folkakademi<\/a><\/strong> arrangerar en spr\u00e5kkurs i svenska p\u00e5 <a href=\"https:\/\/www.arcada.fi\/en\" target=\"_blank\" rel=\"noopener\" title=\"\">Arcada<\/a> som tar dig fr\u00e5n din nuvarande niv\u00e5 till B1. Kursen p\u00e5g\u00e5r i \u00e5tta m\u00e5nader och inkluderar fyra veckors spr\u00e5kpraktik p\u00e5 platser som Folkh\u00e4lsans enheter. N\u00e4sta kurs startar den 13 november och sista ans\u00f6kningsdag \u00e4r den 1 november. <a href=\"https:\/\/akan.fi\/kurser\/swedish-education\/\" target=\"_blank\" rel=\"noopener\" title=\"\">Ans\u00f6k h\u00e4r<\/a>.<br \/>(Borg\u00e5 Folkakademi kommer i januari att starta en 16 veckors svensk spr\u00e5kkurs riktad till ukrainare. Fokus kommer att ligga p\u00e5 handel och arbetsgivaren kommer att vara<a href=\"https:\/\/vbo.fi\/sv\/startsida-2\/\" target=\"_blank\" rel=\"noopener\" title=\"\"> Varuboden-Osla<\/a>. Det \u00e4r ett samarbete med Arcada och <a href=\"https:\/\/prakticum.fi\/\" target=\"_blank\" rel=\"noopener\" title=\"\">Prakticum<\/a> och mer information kommer att ges senare).<br \/><\/li>\n\n\n\n<li><a href=\"https:\/\/arbis.hel.fi\/kurser-och-anmalningar\/sfi-svenska-for-invandrade\/\" target=\"_blank\" rel=\"noopener\" title=\"\"><strong>Helsingfors Arbis<\/strong> <\/a>kommer att starta en ny SFI-integrationskurs i januari. De kommer att ha ett niv\u00e5test, som \u00e4r obligatoriskt f\u00f6r att starta kursen, den 12 december. <a href=\"https:\/\/ilmonet.fi\/course\/A230831\" target=\"_blank\" rel=\"noopener\" title=\"\">Anm\u00e4l dig till niv\u00e5testet h\u00e4r<\/a>.<br \/><\/li>\n\n\n\n<li><strong><a href=\"https:\/\/www.arffman.fi\/\" target=\"_blank\" rel=\"noopener\" title=\"\">Arffman<\/a><\/strong> kommer att starta sin n\u00e4sta multimodala integrationsutbildning p\u00e5 svenska den 5 februari. Kursen riktar sig till invandrare som fortfarande har integrationstid kvar men som bor i ett omr\u00e5de d\u00e4r ingen SFI-integrationskurs erbjuds lokalt. F\u00f6r mer information, v\u00e4nligen kontakta Catarina Mikkonen p\u00e5 <a href=\"mailto:catarina.mikkonen@edu.arffman.fi\">catarina.mikkonen@edu.arffman.fi<\/a> eller ring +358 44 475 7320. <\/li>\n<\/ul>\n\n\n\n<p>Ytterligare svenska kurser kan hittas:<\/p>\n\n\n\n<ul class=\"wp-block-list\">\n<li>H\u00e4r: <a href=\"https:\/\/integration.luckan.fi\/integratinginswedish\/?wpv-category=1swedishcourses&amp;wpv_view_count=15112\" target=\"_blank\" rel=\"noopener\" title=\"\">Svenska kurser<\/a><\/li>\n\n\n\n<li>P\u00e5 finska kurser: <a href=\"https:\/\/finnishcourses.fi\/courses\/swedish-courses\">Kurser i finska<\/a><\/li>\n\n\n\n<li>Vid Ilmonet: <a href=\"https:\/\/ilmonet.fi\/search?txt=swedish+svenska&amp;status=-10000&amp;page=1&amp;limits=16&amp;list_type=30&amp;sort=2500\">Ilmonet<\/a><\/li>\n<\/ul>","protected":false},"excerpt":{"rendered":"<p>Det finns m\u00e5nga kurser i svenska som startar snart, s\u00e5 vi k\u00e4nde ett behov av att lista dem \u00e5t dig. Ytterligare kurser i svenska hittar du h\u00e4r:<\/p>","protected":false},"author":1,"featured_media":22075,"comment_status":"closed","ping_status":"closed","sticky":false,"template":"","format":"standard","meta":{"om_disable_all_campaigns":false,"inline_featured_image":false,"ghostkit_customizer_options":"","ghostkit_custom_css":"","ghostkit_custom_js_head":"","ghostkit_custom_js_foot":"","ghostkit_typography":"","_monsterinsights_skip_tracking":false,"_monsterinsights_sitenote_active":false,"_monsterinsights_sitenote_note":"","_monsterinsights_sitenote_category":0,"cybocfi_hide_featured_image":"","footnotes":""},"categories":[1],"tags":[],"class_list":["post-22074","post","type-post","status-publish","format-standard","has-post-thumbnail","hentry","category-before","entry"],"aioseo_notices":[],"featured_image_src":"https:\/\/integration.luckan.fi\/wp-content\/uploads\/2023\/10\/peter-van-der-meulen-2wBr7WqwYb0-unsplash-2-scaled.jpg","author_info":{"display_name":"admin","author_link":"https:\/\/integration.luckan.fi\/sv\/author\/admin\/"},"_links":{"self":[{"href":"https:\/\/integration.luckan.fi\/sv\/wp-json\/wp\/v2\/posts\/22074","targetHints":{"allow":["GET"]}}],"collection":[{"href":"https:\/\/integration.luckan.fi\/sv\/wp-json\/wp\/v2\/posts"}],"about":[{"href":"https:\/\/integration.luckan.fi\/sv\/wp-json\/wp\/v2\/types\/post"}],"author":[{"embeddable":true,"href":"https:\/\/integration.luckan.fi\/sv\/wp-json\/wp\/v2\/users\/1"}],"replies":[{"embeddable":true,"href":"https:\/\/integration.luckan.fi\/sv\/wp-json\/wp\/v2\/comments?post=22074"}],"version-history":[{"count":3,"href":"https:\/\/integration.luckan.fi\/sv\/wp-json\/wp\/v2\/posts\/22074\/revisions"}],"predecessor-version":[{"id":22091,"href":"https:\/\/integration.luckan.fi\/sv\/wp-json\/wp\/v2\/posts\/22074\/revisions\/22091"}],"wp:featuredmedia":[{"embeddable":true,"href":"https:\/\/integration.luckan.fi\/sv\/wp-json\/wp\/v2\/media\/22075"}],"wp:attachment":[{"href":"https:\/\/integration.luckan.fi\/sv\/wp-json\/wp\/v2\/media?parent=22074"}],"wp:term":[{"taxonomy":"category","embeddable":true,"href":"https:\/\/integration.luckan.fi\/sv\/wp-json\/wp\/v2\/categories?post=22074"},{"taxonomy":"post_tag","embeddable":true,"href":"https:\/\/integration.luckan.fi\/sv\/wp-json\/wp\/v2\/tags?post=22074"}],"curies":[{"name":"wp","href":"https:\/\/api.w.org\/{rel}","templated":true}]}}