{"id":23520,"date":"2025-04-17T12:18:20","date_gmt":"2025-04-17T09:18:20","guid":{"rendered":"https:\/\/integration.luckan.fi\/?p=23520"},"modified":"2025-04-17T12:18:46","modified_gmt":"2025-04-17T09:18:46","slug":"magma-think-tank-report-sparks-discussion-on-swedish-language-integration-for-immigrants","status":"publish","type":"post","link":"https:\/\/integration.luckan.fi\/sv\/magma-think-tank-report-sparks-discussion-on-swedish-language-integration-for-immigrants\/","title":{"rendered":"Rapport fr\u00e5n tankesmedjan Magma v\u00e4cker diskussion om integration av invandrare i svenska spr\u00e5ket"},"content":{"rendered":"<p>En f\u00e4rsk rapport fr\u00e5n tankesmedjan Magma har v\u00e4ckt en diskussion om den finska regeringens m\u00e5l att 5-10% av invandrarna ska integreras p\u00e5 svenska. \u00c4ven om m\u00e5let syftar till att fr\u00e4mja en smidigare integration och social sammanh\u00e5llning, v\u00e4cker rapporten oro \u00f6ver bristen p\u00e5 tydliga definitioner och tillf\u00f6rlitliga data i fr\u00e5gan.<\/p>\n\n\n\n<p>V\u00e5r kollega Ramona Larsen, som sj\u00e4lv har integrerats p\u00e5 svenska, belyser de praktiska f\u00f6rdelarna med att l\u00e4ra sig spr\u00e5ket, s\u00e4rskilt f\u00f6r dem som har goda kunskaper i engelska. Experter menar dock att tydligare m\u00e5l, mer st\u00f6d och praktiska \u00e5tg\u00e4rder \u00e4r avg\u00f6rande f\u00f6r att g\u00f6ra denna v\u00e4g mer tillg\u00e4nglig f\u00f6r invandrare.<\/p>\n\n\n\n<p>Du kan ocks\u00e5 se intervjun d\u00e4r Ramona ber\u00e4ttar om sitt personliga beslut att v\u00e4lja svenska som sin integrationsv\u00e4g <a href=\"https:\/\/arenan.yle.fi\/1-71958271\" title=\"\">h\u00e4r<\/a>.<\/p>\n\n\n\n<p>Vi inbjuder dig att <a href=\"https:\/\/yle.fi\/a\/74-20155434\" title=\"\">L\u00e4s hela artikeln<\/a> och dela med dig av dina tankar om \u00e4mnet. Huvudet till <a href=\"https:\/\/www.facebook.com\/LuckanIntegration\/\" title=\"\">v\u00e5r Facebook-sida<\/a> delta i diskussionen och ber\u00e4tta vad du tycker om den h\u00e4r strategin f\u00f6r spr\u00e5kintegration.<\/p>","protected":false},"excerpt":{"rendered":"<p>En f\u00e4rsk rapport fr\u00e5n tankesmedjan Magma har v\u00e4ckt en diskussion om den finska regeringens m\u00e5l att 5-10% av invandrarna ska integreras p\u00e5 svenska. M\u00e5let syftar till att fr\u00e4mja en smidigare integration och social sammanh\u00e5llning, men rapporten v\u00e4cker farh\u00e5gor om bristen p\u00e5 tydliga definitioner och tillf\u00f6rlitliga data i fr\u00e5gan. V\u00e5r kollega Ramona... <a class=\"more-link\" href=\"https:\/\/integration.luckan.fi\/sv\/magma-think-tank-report-sparks-discussion-on-swedish-language-integration-for-immigrants\/\">Forts\u00e4tt l\u00e4sa <span class=\"screen-reader-text\">Rapport fr\u00e5n tankesmedjan Magma v\u00e4cker diskussion om integration av invandrare i svenska spr\u00e5ket<\/span><\/a><\/p>","protected":false},"author":39,"featured_media":23521,"comment_status":"closed","ping_status":"closed","sticky":false,"template":"","format":"standard","meta":{"om_disable_all_campaigns":false,"inline_featured_image":false,"ghostkit_customizer_options":"","ghostkit_custom_css":"","ghostkit_custom_js_head":"","ghostkit_custom_js_foot":"","ghostkit_typography":"","_monsterinsights_skip_tracking":false,"_monsterinsights_sitenote_active":false,"_monsterinsights_sitenote_note":"","_monsterinsights_sitenote_category":0,"cybocfi_hide_featured_image":"","footnotes":""},"categories":[1],"tags":[],"class_list":["post-23520","post","type-post","status-publish","format-standard","has-post-thumbnail","hentry","category-before","entry"],"aioseo_notices":[],"featured_image_src":"https:\/\/integration.luckan.fi\/wp-content\/uploads\/2025\/04\/71005d59-ece4-4a51-b7f6-e399b7d9fc1c.png","author_info":{"display_name":"Ramona","author_link":"https:\/\/integration.luckan.fi\/sv\/author\/ramona\/"},"_links":{"self":[{"href":"https:\/\/integration.luckan.fi\/sv\/wp-json\/wp\/v2\/posts\/23520","targetHints":{"allow":["GET"]}}],"collection":[{"href":"https:\/\/integration.luckan.fi\/sv\/wp-json\/wp\/v2\/posts"}],"about":[{"href":"https:\/\/integration.luckan.fi\/sv\/wp-json\/wp\/v2\/types\/post"}],"author":[{"embeddable":true,"href":"https:\/\/integration.luckan.fi\/sv\/wp-json\/wp\/v2\/users\/39"}],"replies":[{"embeddable":true,"href":"https:\/\/integration.luckan.fi\/sv\/wp-json\/wp\/v2\/comments?post=23520"}],"version-history":[{"count":1,"href":"https:\/\/integration.luckan.fi\/sv\/wp-json\/wp\/v2\/posts\/23520\/revisions"}],"predecessor-version":[{"id":23522,"href":"https:\/\/integration.luckan.fi\/sv\/wp-json\/wp\/v2\/posts\/23520\/revisions\/23522"}],"wp:featuredmedia":[{"embeddable":true,"href":"https:\/\/integration.luckan.fi\/sv\/wp-json\/wp\/v2\/media\/23521"}],"wp:attachment":[{"href":"https:\/\/integration.luckan.fi\/sv\/wp-json\/wp\/v2\/media?parent=23520"}],"wp:term":[{"taxonomy":"category","embeddable":true,"href":"https:\/\/integration.luckan.fi\/sv\/wp-json\/wp\/v2\/categories?post=23520"},{"taxonomy":"post_tag","embeddable":true,"href":"https:\/\/integration.luckan.fi\/sv\/wp-json\/wp\/v2\/tags?post=23520"}],"curies":[{"name":"wp","href":"https:\/\/api.w.org\/{rel}","templated":true}]}}